{"id":391907,"date":"2016-09-03T07:53:15","date_gmt":"2016-09-03T05:53:15","guid":{"rendered":"http:\/\/www.ivg.it\/?p=391907"},"modified":"2016-09-03T09:34:56","modified_gmt":"2016-09-03T07:34:56","slug":"dego-pedone-investito-un-veicolo-pirata","status":"publish","type":"post","link":"https:\/\/staging.ivg.it\/2016\/09\/dego-pedone-investito-un-veicolo-pirata\/","title":{"rendered":"Dego, pedone investito da un veicolo pirata"},"content":{"rendered":"<p><strong>Dego<\/strong>. Gravissimo incidente nella serata di ieri a Dego dove un pedone \u00e8 stato investito da un pirata della strada. La tragedia \u00e8 avvenuta poco dopo le 22 in via Nazionale, poco distante dalla filiale della Banca Carisa.<\/p>\n<p>Secondo le prime informazioni, il pedone, un settantunenne, stava attraversando la strada quando \u00e8 stato travolto da un mezzo (non \u00e8 ancora chiaro se fosse un&#8217;auto oppure un camioncino) che poi, anzich\u00e9 fermarsi, ha proseguito la sua corsa.<\/p>\n<p>Il ferito \u00e8 stato subito soccorso dai militi della Croce Bianca di Dego in supporto dei quali \u00e8 intervenuta l&#8217;automedica e una pattuglia della Radiomobile dei carabinieri. Il settantenne \u00e8 stato trasportato in codice rosso all&#8217;ospedale Santa Corona di Pietra Ligure e le sue condizioni, purtroppo, sono molto gravi.<\/p>\n<p>Sull&#8217;incidente sono ora in corso accertamenti da parte dei carabinieri che, oltre a ricostruire con esattezza la dinamica, sperano di poter rintracciare l&#8217;autista pirata.<\/p>\n","protected":false},"excerpt":{"rendered":"<p>Il ferito \u00e8 stato trasportato in gravissime condizioni all&#8217;ospedale Santa Corona<\/p>\n","protected":false},"author":2394,"featured_media":0,"comment_status":"open","ping_status":"closed","sticky":false,"template":"","format":"standard","meta":{"footnotes":""},"categories":[45296,34],"tags":[88507,9425],"class_list":["post-391907","post","type-post","status-publish","format-standard","hentry","category-copertina","category-cronaca","tag-pedone-investito","tag-pirata-della-strada","post_cat_citta-dego"],"amp_validity":null,"amp_enabled":true,"_links":{"self":[{"href":"https:\/\/staging.ivg.it\/ediapi\/wp\/v2\/posts\/391907","targetHints":{"allow":["GET"]}}],"collection":[{"href":"https:\/\/staging.ivg.it\/ediapi\/wp\/v2\/posts"}],"about":[{"href":"https:\/\/staging.ivg.it\/ediapi\/wp\/v2\/types\/post"}],"author":[{"embeddable":true,"href":"https:\/\/staging.ivg.it\/ediapi\/wp\/v2\/users\/2394"}],"replies":[{"embeddable":true,"href":"https:\/\/staging.ivg.it\/ediapi\/wp\/v2\/comments?post=391907"}],"version-history":[{"count":0,"href":"https:\/\/staging.ivg.it\/ediapi\/wp\/v2\/posts\/391907\/revisions"}],"wp:attachment":[{"href":"https:\/\/staging.ivg.it\/ediapi\/wp\/v2\/media?parent=391907"}],"wp:term":[{"taxonomy":"category","embeddable":true,"href":"https:\/\/staging.ivg.it\/ediapi\/wp\/v2\/categories?post=391907"},{"taxonomy":"post_tag","embeddable":true,"href":"https:\/\/staging.ivg.it\/ediapi\/wp\/v2\/tags?post=391907"}],"curies":[{"name":"wp","href":"https:\/\/api.w.org\/{rel}","templated":true}]}}