{"id":391870,"date":"2016-09-02T11:51:50","date_gmt":"2016-09-02T09:51:50","guid":{"rendered":"http:\/\/www.ivg.it\/?p=391870"},"modified":"2016-09-02T11:56:08","modified_gmt":"2016-09-02T09:56:08","slug":"la-regione-diventa-cartellone-pubblicitario-lente-diffida-dato-permesso","status":"publish","type":"post","link":"https:\/\/staging.ivg.it\/2016\/09\/la-regione-diventa-cartellone-pubblicitario-lente-diffida-dato-permesso\/","title":{"rendered":"La Regione diventa &#8220;cartellone pubblicitario&#8221;. L&#8217;ente diffida, ma chi ha dato il permesso?"},"content":{"rendered":"<p><strong>Genova.<\/strong> No al maxischermo sulla facciata della Regione con le immagini promozionali della Liguria turistica ma s\u00ec al maxi spot per una nota casa telefonica. In una citt\u00e0 che ha come slogan &#8220;more than this&#8221; pu\u00f2 capitare anche che succedano cose di questo tipo come vedere il palazzo dell&#8217;ente, nella piazza centrale della citt\u00e0 trasformato in una mega pubblicit\u00e0.<\/p>\n<p>Dietro a questo, per\u00f2, c&#8217;\u00e8 un piccolo giallo, o forse addirittura due. Il primo riguarda il posizionamento del cartello, una decisione che sarebbe stata presa nonostante l&#8217;opposizione della Regione. L&#8217;ente, che era stato informato della decisione era arrivato, addirittura,alla diffida. Me questo non \u00e8 bastato e, questa mattina, la sorpresa.<\/p>\n<p>\u00c8 qui spunta il, secondo giallo che riguarda i rapporti con il Comune di Genova che si occupa di pubblicit\u00e0 neile facciate in ristrutturazione con un capitolo apposito del &#8220;piano generale della pubblicit\u00e0&#8221;. Sembra difficile pensare che una simile richiesta, nella piazza principale di Genova, su un palazzo istituzionale, non sia stata valutata con grande attenzione.<\/p>\n<p>Anche perch\u00e9 proprio quella facciata era stata al centro di grandissime polemiche per la richiesta della Regione di proiettare immagini turistiche trasformando il telo che copre i lavori in un grande cinema all&#8217;aperto al servizio di visitatori e cittadini. Una richiesta che era stata bocciata da Tursi e e che torna immediatamente alla memoria guardando come \u00e8 stato trasformato il palazzo. Insomma tutti gli ingredienti per una nuova polemica di fine estate ci sono.<\/p>\n<p>Sulla questione non si \u00e8 fatta attendere la dura presa di posizione di Giovanni Toti: &#8220;La Regione Liguria non ha autorizzato il manifesto pubblicitario sulla facciata della sua sede centrale, di propriet\u00e0 Unipol. Riteniamo che urti il senso estetico di piazza De Ferrari e provvederemo nelle adeguate sedi per la sua immediata rimozione&#8221;.<\/p>\n<p>&#8220;Non siamo contrari all&#8217;utilizzo della facciata per scopi commerciali &#8211; continua Toti &#8211; e lo avevamo dimostrato a inizio estate con un articolato progetto, travagliato e poi bocciato, per valorizzare il cantiere del palazzo. Tuttavia riteniamo che questa scelta debba essere studiata e condivisa al fine di diventare un valore aggiunto per la piazza e non un elemento inestetico come invece risulta il manifesto in questione&#8221;.<\/p>\n<p>&nbsp;<\/p>\n","protected":false},"excerpt":{"rendered":"<p>Dall&#8217;amministrazione regionale non era arrivato nessun via libera: &#8220;Urta senso estetico, provvederemo nelle adeguate sedi per la sua immediata rimozione&#8221;<\/p>\n","protected":false},"author":2394,"featured_media":0,"comment_status":"open","ping_status":"closed","sticky":false,"template":"","format":"standard","meta":{"footnotes":""},"categories":[56],"tags":[295],"class_list":["post-391870","post","type-post","status-publish","format-standard","hentry","category-altre","tag-regione"],"amp_validity":null,"amp_enabled":true,"_links":{"self":[{"href":"https:\/\/staging.ivg.it\/ediapi\/wp\/v2\/posts\/391870","targetHints":{"allow":["GET"]}}],"collection":[{"href":"https:\/\/staging.ivg.it\/ediapi\/wp\/v2\/posts"}],"about":[{"href":"https:\/\/staging.ivg.it\/ediapi\/wp\/v2\/types\/post"}],"author":[{"embeddable":true,"href":"https:\/\/staging.ivg.it\/ediapi\/wp\/v2\/users\/2394"}],"replies":[{"embeddable":true,"href":"https:\/\/staging.ivg.it\/ediapi\/wp\/v2\/comments?post=391870"}],"version-history":[{"count":0,"href":"https:\/\/staging.ivg.it\/ediapi\/wp\/v2\/posts\/391870\/revisions"}],"wp:attachment":[{"href":"https:\/\/staging.ivg.it\/ediapi\/wp\/v2\/media?parent=391870"}],"wp:term":[{"taxonomy":"category","embeddable":true,"href":"https:\/\/staging.ivg.it\/ediapi\/wp\/v2\/categories?post=391870"},{"taxonomy":"post_tag","embeddable":true,"href":"https:\/\/staging.ivg.it\/ediapi\/wp\/v2\/tags?post=391870"}],"curies":[{"name":"wp","href":"https:\/\/api.w.org\/{rel}","templated":true}]}}