{"id":391863,"date":"2016-09-02T11:37:02","date_gmt":"2016-09-02T09:37:02","guid":{"rendered":"http:\/\/www.ivg.it\/?p=391863"},"modified":"2016-09-02T11:39:25","modified_gmt":"2016-09-02T09:39:25","slug":"savonese-baby-prodigio-della-ceramica-12enne-marco-siri-piu-giovane-ad-argilla-2016","status":"publish","type":"post","link":"https:\/\/staging.ivg.it\/2016\/09\/savonese-baby-prodigio-della-ceramica-12enne-marco-siri-piu-giovane-ad-argilla-2016\/","title":{"rendered":"E&#8217; savonese il baby-prodigio della ceramica: il 12enne Marco Siri \u00e8 il pi\u00f9 giovane ad &#8220;Argill\u00e0 2016&#8221;"},"content":{"rendered":"<p><strong>Albissola Marina.<\/strong> Ci sar\u00e0 anche il giovanissimo ceramista savonese Marco Maria Siri, con le sue opere, a Faenza per &#8220;Argill\u00e0 2016&#8221;, mostra mercato della ceramica artistica \u201cgemellata\u201d con Aubagne in Francia e con Argetona in Spagna e appuntamento di riferimento dell\u2019artigianato ceramico contemporaneo internazionale.<\/p>\n<p>Tra i 250 espositori selezionati da tutto il mondo, infatti, c&#8217;\u00e8 anche Carlo Bernat, maestro del piccolo Marco di cui ospiter\u00e0 le opere nel suo stand. Marco, dall&#8217;alto dei suoi 12 anni, sar\u00e0 in assoluto il ceramista pi\u00f9 giovane della manifestazione.<\/p>\n<p>Nato a Genova nel 2004, ha iniziato a lavorare la ceramica alla tenerissima et\u00e0 di due anni e mezzo, proprio sotto la guida del Maestro Carlo Bernat con il quale espone i suoi lavori dal 2012 in contesti nazionali ed esteri. A otto anni inizia a dedicarsi alla lavorazione al tornio che gli permette di creare piatti, vasi, bottiglie e ciotole che poi decora con smalti policromi. A luglio 2016 Siri ha realizzato i tre piatti per il Premio Letterario Spiragli di Poesia con conseguente esposizione e consegna delle opere presso l&#8217;Antiga Audiencia di Tarragona.<\/p>\n<p>Non solo ceramica, per\u00f2, nella vita di Marco, che coltiva anche altre passioni come lo studio delle lingue (tedesco e inglese) o il nuoto. Un artista a tutto tondo, il 12enne, che da un anno studia anche musical: insieme ai suoi compagni, i &#8220;Nati da un Sogno&#8221;, ha gi\u00e0 vinto due concorsi a livello nazionale a Milano e Firenze.<\/p>\n","protected":false},"excerpt":{"rendered":"<p>Le opere del giovanissimo artista saranno esposte all&#8217;interno dello stand del maestro Carlo Bernat<\/p>\n","protected":false},"author":10593,"featured_media":0,"comment_status":"open","ping_status":"closed","sticky":false,"template":"","format":"standard","meta":{"footnotes":""},"categories":[56],"tags":[88488,1483],"class_list":["post-391863","post","type-post","status-publish","format-standard","hentry","category-altre","tag-argilla-2016","tag-ceramica","post_cat_citta-savona"],"amp_validity":null,"amp_enabled":true,"_links":{"self":[{"href":"https:\/\/staging.ivg.it\/ediapi\/wp\/v2\/posts\/391863","targetHints":{"allow":["GET"]}}],"collection":[{"href":"https:\/\/staging.ivg.it\/ediapi\/wp\/v2\/posts"}],"about":[{"href":"https:\/\/staging.ivg.it\/ediapi\/wp\/v2\/types\/post"}],"author":[{"embeddable":true,"href":"https:\/\/staging.ivg.it\/ediapi\/wp\/v2\/users\/10593"}],"replies":[{"embeddable":true,"href":"https:\/\/staging.ivg.it\/ediapi\/wp\/v2\/comments?post=391863"}],"version-history":[{"count":0,"href":"https:\/\/staging.ivg.it\/ediapi\/wp\/v2\/posts\/391863\/revisions"}],"wp:attachment":[{"href":"https:\/\/staging.ivg.it\/ediapi\/wp\/v2\/media?parent=391863"}],"wp:term":[{"taxonomy":"category","embeddable":true,"href":"https:\/\/staging.ivg.it\/ediapi\/wp\/v2\/categories?post=391863"},{"taxonomy":"post_tag","embeddable":true,"href":"https:\/\/staging.ivg.it\/ediapi\/wp\/v2\/tags?post=391863"}],"curies":[{"name":"wp","href":"https:\/\/api.w.org\/{rel}","templated":true}]}}