{"id":391846,"date":"2016-09-02T08:03:56","date_gmt":"2016-09-02T06:03:56","guid":{"rendered":"http:\/\/www.ivg.it\/?p=391846"},"modified":"2016-09-02T08:03:56","modified_gmt":"2016-09-02T06:03:56","slug":"ad-albenga-domenica-sport-anche-goliardia-col-calciobalilla-umano","status":"publish","type":"post","link":"https:\/\/staging.ivg.it\/2016\/09\/ad-albenga-domenica-sport-anche-goliardia-col-calciobalilla-umano\/","title":{"rendered":"Ad Albenga una domenica di sport, ma anche di goliardia col calciobalilla umano"},"content":{"rendered":"<p><strong>Albenga<\/strong>. Quella di domenica prossima sar\u00e0 una\u00a0festosa giornata di sport, amicizia e solidariet\u00e0 in Piazza del Popolo.<\/p>\n<p>E&#8217; in programma un goliardico torneo di calciobalilla umano in ricordo di Angelo Malco, il mai dimenticato Priore dell\u2019Oratorio di Nostra Signora della Misericordia. Otto squadre si contenderanno l\u2019ambito trofeo: Comune di Albenga, Fieui di caruggi, Caff\u00e8 letterario Ai giardinetti, Merloflor, Le torri ingaune, Osteria dei matetti,Ex Atelier, La Bruschetta.<\/p>\n<p>Il ricavato della giornata \u00e8 finalizzato al pagamento della speciale \u201cBici degli abbracci\u201d che sar\u00e0 consegnata all\u2019 Associazione Missione Autismo (AMA) di Ceriale. L\u2019evento , organizzato dalla MM61di Sergio Malco, in collaborazione con i Fieui di Caruggi e il Caff\u00e8 letterario Ai giardinetti e con l\u2019aiuto di tanti amici sar\u00e0 articolato in vari momenti. Alle ore 11 inizier\u00e0 il divertente torneo di calciobalilla umano che si concluder\u00e0 in serata. <div class=\"single-img-content-container fullwidth-single shortcode standard\">\n    <div class=\"image_container\" style=\"text-align: center;\">\n        <picture class=\" lazyload\"><img loading=\"lazy\" class=\"lazy\" data-srcset=\"https:\/\/www.ivg.it\/photogallery_new\/images\/2016\/09\/calciobalilla-356462.jpg 1024w, https:\/\/www.ivg.it\/photogallery_new\/images\/2016\/09\/calciobalilla-356462.jpg 970w, https:\/\/www.ivg.it\/photogallery_new\/images\/2016\/09\/calciobalilla-356462.jpg 660w, https:\/\/www.ivg.it\/photogallery_new\/images\/2016\/09\/calciobalilla-356462.jpg 316w, https:\/\/www.ivg.it\/photogallery_new\/images\/2016\/09\/calciobalilla-356462.jpg 150w\"  data-src=\"https:\/\/www.ivg.it\/photogallery_new\/images\/2016\/09\/calciobalilla-356462.jpg\" alt=\"calciobalilla\" \/><\/picture>\r\n\n    <\/div>\n    <\/div>\n<\/p>\n<p>Sar\u00e0 possibile, soprattutto per i bambini, divertirsi gratuitamente sul trenino che far\u00e0 la spola tra piazza del Popolo e gli angoli pi\u00f9 suggestivi di Albenga o partecipare ad un parallelo torneo di calciobalilla a sette. Ci sar\u00e0 musica, allegria, tanti gazebo e voglia di stare insieme. Possibilit\u00e0 di pranzo in piazza e tanto divertimento.<\/p>\n","protected":false},"excerpt":{"rendered":"<p>Il ricavato della giornata \u00e8 finalizzato al pagamento della speciale \u201cBici degli abbracci\u201d <\/p>\n","protected":false},"author":12291,"featured_media":0,"comment_status":"open","ping_status":"closed","sticky":false,"template":"","format":"standard","meta":{"footnotes":""},"categories":[56],"tags":[70197,12716],"class_list":["post-391846","post","type-post","status-publish","format-standard","hentry","category-altre","tag-associazione-missione-autismo","tag-fieui-di-caruggi","post_cat_citta-albenga"],"amp_validity":null,"amp_enabled":true,"_links":{"self":[{"href":"https:\/\/staging.ivg.it\/ediapi\/wp\/v2\/posts\/391846","targetHints":{"allow":["GET"]}}],"collection":[{"href":"https:\/\/staging.ivg.it\/ediapi\/wp\/v2\/posts"}],"about":[{"href":"https:\/\/staging.ivg.it\/ediapi\/wp\/v2\/types\/post"}],"author":[{"embeddable":true,"href":"https:\/\/staging.ivg.it\/ediapi\/wp\/v2\/users\/12291"}],"replies":[{"embeddable":true,"href":"https:\/\/staging.ivg.it\/ediapi\/wp\/v2\/comments?post=391846"}],"version-history":[{"count":0,"href":"https:\/\/staging.ivg.it\/ediapi\/wp\/v2\/posts\/391846\/revisions"}],"wp:attachment":[{"href":"https:\/\/staging.ivg.it\/ediapi\/wp\/v2\/media?parent=391846"}],"wp:term":[{"taxonomy":"category","embeddable":true,"href":"https:\/\/staging.ivg.it\/ediapi\/wp\/v2\/categories?post=391846"},{"taxonomy":"post_tag","embeddable":true,"href":"https:\/\/staging.ivg.it\/ediapi\/wp\/v2\/tags?post=391846"}],"curies":[{"name":"wp","href":"https:\/\/api.w.org\/{rel}","templated":true}]}}