{"id":391797,"date":"2016-09-01T11:46:39","date_gmt":"2016-09-01T09:46:39","guid":{"rendered":"http:\/\/www.ivg.it\/?p=391797"},"modified":"2016-09-01T11:48:52","modified_gmt":"2016-09-01T09:48:52","slug":"primi-40-anni-dellanticendio-boschivo-andora-al-parco-delle-farfalle-la-festa-dei-volontari","status":"publish","type":"post","link":"https:\/\/staging.ivg.it\/2016\/09\/primi-40-anni-dellanticendio-boschivo-andora-al-parco-delle-farfalle-la-festa-dei-volontari\/","title":{"rendered":"I primi 40 anni dell&#8217;Anticendio Boschivo di Andora, al Parco delle Farfalle la festa dei volontari"},"content":{"rendered":"<p><strong>Andora<\/strong>. Compie 40 anni di vita la squadra antincendio boschivo di Andora. Un traguardo importante se si considera che proprio il team dei volontari della cittadina rivierasca \u00e8 stato uno tra i primi del nord ovest d&#8217;Italia. L&#8217;occasione per celebrare questo compleanno arriva con la festa organizzata per il prossimo 9 settembre a partire dalle 19 al Parco delle Farfalle di Andora. E&#8217; in programma una serata gastronomica e danzante con l&#8217;orchestra &#8220;Doriano&#8221;.<\/p>\n<p>&#8220;Per la prima volta &#8211; spiegano i volontari &#8211; le associazioni si riuniscono per portare la propria specialit\u00e0 in occasione della festa dei 40 anni della squadra antincendio boschivo. Il menu e ricco e di qualit\u00e0. Abbiamo gi\u00e0 predisposto una locandina celebrativa dell&#8217;evento: mancano le gustose pesche al pigato che prepareranno gli amici di Mezzacqua&#8221;.<\/p>\n<p>Tra l&#8217;altro l&#8217;appuntamento ha un&#8217;altra importante finalit\u00e0: il ricavato dell&#8217;evento, curato dalla Croce Bianca di Andora e da tutte le associazioni della Val Merula, servir\u00e0 per acquistare un pannello luminoso per l&#8217;allertamento meteo.<\/p>\n","protected":false},"excerpt":{"rendered":"<p>Il ricavato servir\u00e0 per acquistare un pannello luminoso per l&#8217;allertamento meteo<\/p>\n","protected":false},"author":12291,"featured_media":0,"comment_status":"open","ping_status":"closed","sticky":false,"template":"","format":"standard","meta":{"footnotes":""},"categories":[56],"tags":[70488,64221],"class_list":["post-391797","post","type-post","status-publish","format-standard","hentry","category-altre","tag-parco-delle-farfalle-andora","tag-squadre-anticendio","post_cat_citta-andora"],"amp_validity":null,"amp_enabled":true,"_links":{"self":[{"href":"https:\/\/staging.ivg.it\/ediapi\/wp\/v2\/posts\/391797","targetHints":{"allow":["GET"]}}],"collection":[{"href":"https:\/\/staging.ivg.it\/ediapi\/wp\/v2\/posts"}],"about":[{"href":"https:\/\/staging.ivg.it\/ediapi\/wp\/v2\/types\/post"}],"author":[{"embeddable":true,"href":"https:\/\/staging.ivg.it\/ediapi\/wp\/v2\/users\/12291"}],"replies":[{"embeddable":true,"href":"https:\/\/staging.ivg.it\/ediapi\/wp\/v2\/comments?post=391797"}],"version-history":[{"count":0,"href":"https:\/\/staging.ivg.it\/ediapi\/wp\/v2\/posts\/391797\/revisions"}],"wp:attachment":[{"href":"https:\/\/staging.ivg.it\/ediapi\/wp\/v2\/media?parent=391797"}],"wp:term":[{"taxonomy":"category","embeddable":true,"href":"https:\/\/staging.ivg.it\/ediapi\/wp\/v2\/categories?post=391797"},{"taxonomy":"post_tag","embeddable":true,"href":"https:\/\/staging.ivg.it\/ediapi\/wp\/v2\/tags?post=391797"}],"curies":[{"name":"wp","href":"https:\/\/api.w.org\/{rel}","templated":true}]}}