{"id":391683,"date":"2016-08-30T18:01:00","date_gmt":"2016-08-30T16:01:00","guid":{"rendered":"http:\/\/www.ivg.it\/?p=391683"},"modified":"2016-08-30T18:01:00","modified_gmt":"2016-08-30T16:01:00","slug":"albenga-gia-liberi-ladri-dellinseguimento-ciangherotti-colpa-renzi-della-depenalizzazione","status":"publish","type":"post","link":"https:\/\/staging.ivg.it\/2016\/08\/albenga-gia-liberi-ladri-dellinseguimento-ciangherotti-colpa-renzi-della-depenalizzazione\/","title":{"rendered":"Albenga, gi\u00e0 liberi i ladri dell&#8217;inseguimento. Ciangherotti: &#8220;Colpa di Renzi e della depenalizzazione&#8221;"},"content":{"rendered":"<p><strong>Albenga<\/strong>. &#8220;Il giudice ha gi\u00e0 liberato questa mattina i ladri che ieri hanno tenuto impegnato, in un rocambolesco inseguimento, i nostri Carabinieri, mettendone persino a rischio la vita. Bene, ecco gli effetti concreti e inconfutabili della depenalizzazione dei furti che il nostro Matteo Renzi ha realizzato con i parlamentari piddini come Franco Vazio, nel suo programma di governo degli ultimi mesi&#8221;. A denunciarlo \u00e8 Eraldo Ciangherotti, consigliere comunale di Forza Italia ad Albenga, dopo la notizia del rilascio del 19enne Adil Badiari ed il 20enne\u00a0Mourad\u00a0Boumarouane, i due ladri protagonisti ieri di un vero e proprio inseguimento\u00a0&#8220;da film&#8221; intorno all&#8217;ora di pranzo ad Albenga.<\/p>\n<p>I due imputati,\u00a0residenti il primo a Varazze e il secondo nell\u2019alessandrino, hanno chiesto i termini a difesa e sono stati rimessi in libert\u00e0: Mourad \u00e8 libero senza obblighi, mentre Adil avr\u00e0 l&#8217;obbligo di presentarsi quotidianamente in caserma fino al processo, che riprender\u00e0 il 9 settembre. Una soluzione che a Ciangherotti non va gi\u00f9: &#8220;Ladri e spacciatori, per la sinistra al governo, devono integrarsi liberamente in mezzo alla gente e non dietro le sbarre di un carcere&#8221;.<\/p>\n<p>Ed il tema diventa occasione per un dibattito politico: &#8220;Ora, cari albenganesi, se tutto questo vi fa schifo, se davvero tenete alla sicurezza della citt\u00e0 e degli abitanti, se volete un futuro migliore di questo presente, quando andrete a votare al referendum costituzionale di ottobre, fatene non una ma due belle croci sul no, per mandare a casa quell&#8217;incapace che ci governa. E se anche Renzi dice che non moller\u00e0 la poltrona, ci penser\u00e0 il popolo italiano, e mi auguro gli albenganesi, a mandarlo dove meglio trovarsi a suo agio. Magari \u00e8 l&#8217;occasione buona per farlo lavorare&#8221;.<\/p>\n","protected":false},"excerpt":{"rendered":"<p>Il consigliere comunale contro la decisione di rilasciare i due ladri protagonisti ieri di un inseguimento &#8220;da film&#8221; sul Lungocenta<\/p>\n","protected":false},"author":10593,"featured_media":0,"comment_status":"open","ping_status":"closed","sticky":false,"template":"","format":"standard","meta":{"footnotes":""},"categories":[31],"tags":[11953,10736],"class_list":["post-391683","post","type-post","status-publish","format-standard","hentry","category-politica","tag-carabinieri-albenga","tag-inseguimento","post_cat_citta-albenga","post_tag_personaggi-eraldo-ciangherotti-2"],"amp_validity":null,"amp_enabled":true,"_links":{"self":[{"href":"https:\/\/staging.ivg.it\/ediapi\/wp\/v2\/posts\/391683","targetHints":{"allow":["GET"]}}],"collection":[{"href":"https:\/\/staging.ivg.it\/ediapi\/wp\/v2\/posts"}],"about":[{"href":"https:\/\/staging.ivg.it\/ediapi\/wp\/v2\/types\/post"}],"author":[{"embeddable":true,"href":"https:\/\/staging.ivg.it\/ediapi\/wp\/v2\/users\/10593"}],"replies":[{"embeddable":true,"href":"https:\/\/staging.ivg.it\/ediapi\/wp\/v2\/comments?post=391683"}],"version-history":[{"count":0,"href":"https:\/\/staging.ivg.it\/ediapi\/wp\/v2\/posts\/391683\/revisions"}],"wp:attachment":[{"href":"https:\/\/staging.ivg.it\/ediapi\/wp\/v2\/media?parent=391683"}],"wp:term":[{"taxonomy":"category","embeddable":true,"href":"https:\/\/staging.ivg.it\/ediapi\/wp\/v2\/categories?post=391683"},{"taxonomy":"post_tag","embeddable":true,"href":"https:\/\/staging.ivg.it\/ediapi\/wp\/v2\/tags?post=391683"}],"curies":[{"name":"wp","href":"https:\/\/api.w.org\/{rel}","templated":true}]}}