{"id":391519,"date":"2016-08-29T10:03:14","date_gmt":"2016-08-29T08:03:14","guid":{"rendered":"http:\/\/www.ivg.it\/?p=391519"},"modified":"2016-08-29T10:03:14","modified_gmt":"2016-08-29T08:03:14","slug":"meteo-liguria-afa-cieli-nuvolosi-temporali-arrivo","status":"publish","type":"post","link":"https:\/\/staging.ivg.it\/2016\/08\/meteo-liguria-afa-cieli-nuvolosi-temporali-arrivo\/","title":{"rendered":"Meteo Liguria: afa, cieli nuvolosi e temporali in arrivo"},"content":{"rendered":"<p><strong>Liguria<\/strong>. Si attenua il campo anticiclonico in ambito Mediterraneo e cos\u00ec, tra la prossima notte e la mattinata di domani, potrebbe subentrare anche sulla nostra regione qualche episodio locale di instabilit\u00e0 a sfondo temporalesco. Nel frattempo ancora una giornata estiva, scandita dall&#8217;umidit\u00e0 elevata.<\/p>\n<p>L\u2019attenuarsi della ventilazione secca di Tramontana a favore di un regime assai pi\u00f9 umido e stagnante si manifesta attraverso l&#8217;instaurarsi di una debole risacca meridionale. Le condizioni generali di benessere legate al disagio da caldo, sono ovviamente peggiorative e l&#8217;umidit\u00e0 porta con s\u00e9 una sgradevole sensazione di AFA che si manifesta soprattutto lungo la fascia costiera.<\/p>\n<p>Questo importante cambiamento \u00e8 percepibile anche dall&#8217;aspetto del nostro cielo: diminuisce infatti la &#8220;trasparenza&#8221; dell&#8217;aria, i rilievi del nostro Appennino appaiono ora immersi nella foschia, rispetto ai giorni scorsi, le condizioni generali di visibilit\u00e0 sono peggiorate ed il cielo che inizialmente appariva di un colore blu intenso, appare adesso slavato e sporcato dalla nuvolosit\u00e0 di tipo basso.<\/p>\n<p>D&#8217;altro canto, i valori termici mattutini disegnano una situazione atmosferica ancora dichiaratamente estiva, le calme di vento favoriscono infatti temperature minime fresche soltanto laddove hanno potuto agire indisturbate le inversioni termiche, lungo la fascia costiera, l&#8217;umidit\u00e0 elevata ha in parte smorzato il calo delle temperature che sono rimaste ovunque attestate sopra i 20\u00b0C.<\/p>\n<p>Nelle prossime ore, una lieve, generale attenuazione dell&#8217;alta pressione, agevoler\u00e0 l&#8217;avvicinarsi di un debole impulso d&#8217;instabilit\u00e0, previsto attraversare le regioni settentrionali d&#8217;Italia tra la prossima notte e la mattinata di domani.<\/p>\n<p>In virt\u00f9 del grosso quantitavo di umidit\u00e0 presente alle diverse quote atmosferiche, qualche breve ma localmente intenso temporale marittimo potr\u00e0 manifestarsi anche sulla nostra regione tra la mezzanotte e le 9 del mattino. Nel pomeriggio i temporali faranno invece la loro comparsa lungo l&#8217;Appennino.<\/p>\n","protected":false},"excerpt":{"rendered":"<p>Le precipitazioni sono attese tra la serata di oggi e domani mattina<\/p>\n","protected":false},"author":2394,"featured_media":0,"comment_status":"open","ping_status":"closed","sticky":false,"template":"","format":"standard","meta":{"footnotes":""},"categories":[56],"tags":[65228,652,45966],"class_list":["post-391519","post","type-post","status-publish","format-standard","hentry","category-altre","tag-centro-limet","tag-meteo","tag-meteo-liguria"],"amp_validity":null,"amp_enabled":true,"_links":{"self":[{"href":"https:\/\/staging.ivg.it\/ediapi\/wp\/v2\/posts\/391519","targetHints":{"allow":["GET"]}}],"collection":[{"href":"https:\/\/staging.ivg.it\/ediapi\/wp\/v2\/posts"}],"about":[{"href":"https:\/\/staging.ivg.it\/ediapi\/wp\/v2\/types\/post"}],"author":[{"embeddable":true,"href":"https:\/\/staging.ivg.it\/ediapi\/wp\/v2\/users\/2394"}],"replies":[{"embeddable":true,"href":"https:\/\/staging.ivg.it\/ediapi\/wp\/v2\/comments?post=391519"}],"version-history":[{"count":0,"href":"https:\/\/staging.ivg.it\/ediapi\/wp\/v2\/posts\/391519\/revisions"}],"wp:attachment":[{"href":"https:\/\/staging.ivg.it\/ediapi\/wp\/v2\/media?parent=391519"}],"wp:term":[{"taxonomy":"category","embeddable":true,"href":"https:\/\/staging.ivg.it\/ediapi\/wp\/v2\/categories?post=391519"},{"taxonomy":"post_tag","embeddable":true,"href":"https:\/\/staging.ivg.it\/ediapi\/wp\/v2\/tags?post=391519"}],"curies":[{"name":"wp","href":"https:\/\/api.w.org\/{rel}","templated":true}]}}