{"id":391413,"date":"2016-08-26T17:33:51","date_gmt":"2016-08-26T15:33:51","guid":{"rendered":"http:\/\/www.ivg.it\/?p=391413"},"modified":"2016-08-26T17:34:20","modified_gmt":"2016-08-26T15:34:20","slug":"carcare-cena-del-cuore-aiutare-terremotati","status":"publish","type":"post","link":"https:\/\/staging.ivg.it\/2016\/08\/carcare-cena-del-cuore-aiutare-terremotati\/","title":{"rendered":"A Carcare una cena del cuore per aiutare i terremotati"},"content":{"rendered":"<p><strong>Carcare<\/strong>. Si moltiplicano le iniziate in Valbormida in favore delle popolazioni colpite dal grave sisma che ha avuto come epicentro Amatrice e le altre localit\u00e0 del centro Italia. Anche la Valbormida si mobilita con una raccolta fondi.<\/p>\n<p>Per gioved\u00ec 1 settembre a partire dalle 19 \u00a0verr\u00e0 allestito uno stand sul Lungobormida con una &#8220;Cena del cuore&#8221; che in questa occasione sar\u00e0 all&#8217;insegna della solidariet\u00e0 per aiutare gli abitanti dei paesi terremotati di\u00a0Lazio, Marche e Abruzzo. L&#8217;iniziativa \u00e8 curata dalla Pro loco, dalle associazioni di categoria e dai commercianti.<\/p>\n<p>La cena di gioved\u00ec prossimo ha un prezzo fisso di 15 euro a persona.<\/p>\n","protected":false},"excerpt":{"rendered":"<p>Iniziativa della Pro Loco e commercianti per sostenere coloro che hanno perso tutto nel sisma di mercoled\u00ec<\/p>\n","protected":false},"author":12291,"featured_media":0,"comment_status":"open","ping_status":"closed","sticky":false,"template":"","format":"standard","meta":{"footnotes":""},"categories":[56],"tags":[73201],"class_list":["post-391413","post","type-post","status-publish","format-standard","hentry","category-altre","tag-pro-loco-carcare","post_cat_citta-carcare"],"amp_validity":null,"amp_enabled":true,"_links":{"self":[{"href":"https:\/\/staging.ivg.it\/ediapi\/wp\/v2\/posts\/391413","targetHints":{"allow":["GET"]}}],"collection":[{"href":"https:\/\/staging.ivg.it\/ediapi\/wp\/v2\/posts"}],"about":[{"href":"https:\/\/staging.ivg.it\/ediapi\/wp\/v2\/types\/post"}],"author":[{"embeddable":true,"href":"https:\/\/staging.ivg.it\/ediapi\/wp\/v2\/users\/12291"}],"replies":[{"embeddable":true,"href":"https:\/\/staging.ivg.it\/ediapi\/wp\/v2\/comments?post=391413"}],"version-history":[{"count":0,"href":"https:\/\/staging.ivg.it\/ediapi\/wp\/v2\/posts\/391413\/revisions"}],"wp:attachment":[{"href":"https:\/\/staging.ivg.it\/ediapi\/wp\/v2\/media?parent=391413"}],"wp:term":[{"taxonomy":"category","embeddable":true,"href":"https:\/\/staging.ivg.it\/ediapi\/wp\/v2\/categories?post=391413"},{"taxonomy":"post_tag","embeddable":true,"href":"https:\/\/staging.ivg.it\/ediapi\/wp\/v2\/tags?post=391413"}],"curies":[{"name":"wp","href":"https:\/\/api.w.org\/{rel}","templated":true}]}}