{"id":391128,"date":"2016-08-22T19:46:14","date_gmt":"2016-08-22T17:46:14","guid":{"rendered":"http:\/\/www.ivg.it\/?p=391128"},"modified":"2016-08-22T20:20:41","modified_gmt":"2016-08-22T18:20:41","slug":"loano-scontro-unauto-bici-via-dante-coinvolto-un-bambino","status":"publish","type":"post","link":"https:\/\/staging.ivg.it\/2016\/08\/loano-scontro-unauto-bici-via-dante-coinvolto-un-bambino\/","title":{"rendered":"Loano, scontro tra un&#8217;auto e una bici in via Dante: ferito un bambino"},"content":{"rendered":"<p><strong>Loano<\/strong>. E&#8217; di due feriti il bilancio dell&#8217;incidente verificatosi intorno nel tardo pomeriggio di oggi in via Dante a Loano.<\/p>\n<p>Il sinistro si \u00e8 verificato poco dopo le 19 all&#8217;incrocio tra via Dante e via Piave. Secondo quanto riferito, un&#8217;auto condotta da una donna sarebbe andata a sbattere contro una bicicletta sulla quale stavano viaggiando un uomo insieme ai suoi due bambini di 4 e 2 anni.<\/p>\n<p>Ad avere la peggio sono stati ovviamente i tre\u00a0a bordo della bicicletta: il padre e i due piccoli\u00a0sono stai sbalzati a terra e tutti hanno riportato diverse escoriazioni e ferite.\u00a0Sul posto sono intervenute l&#8217;automedica del 118 e due ambulanze della croce rossa di Loano, che hanno trasportato i feriti al pronto soccorso del Santa Corona di Pietra Ligure.<\/p>\n<p>Secondo le prime valutazioni, uno dei bambini avrebbe riportato un trauma cranico e perci\u00f2 sarebbe stato trasferito all&#8217;ospedale in codice rosso. Il padre, che ha riportato conseguenze pi\u00f9 lievi, \u00e8 stato valutato come codice giallo.<\/p>\n<p>Sul posto anche gli agenti della polizia stradale, che si sono occupati di effettuare i rilievi di rito e ricostruire l&#8217;esatta dinamica dell&#8217;incidente.<\/p>\n","protected":false},"excerpt":{"rendered":"<p>Sul posto la croce rossa di Loano e l&#8217;automedica del 118<\/p>\n","protected":false},"author":12120,"featured_media":0,"comment_status":"open","ping_status":"closed","sticky":false,"template":"","format":"standard","meta":{"footnotes":""},"categories":[45296,34],"tags":[69714,55452,70981,3481],"class_list":["post-391128","post","type-post","status-publish","format-standard","hentry","category-copertina","category-cronaca","tag-automedica-118","tag-croce-rossa-loano","tag-ospedale-santa-corona-di-pietra-ligure","tag-polizia-stradale","post_cat_citta-loano"],"amp_validity":null,"amp_enabled":true,"_links":{"self":[{"href":"https:\/\/staging.ivg.it\/ediapi\/wp\/v2\/posts\/391128","targetHints":{"allow":["GET"]}}],"collection":[{"href":"https:\/\/staging.ivg.it\/ediapi\/wp\/v2\/posts"}],"about":[{"href":"https:\/\/staging.ivg.it\/ediapi\/wp\/v2\/types\/post"}],"author":[{"embeddable":true,"href":"https:\/\/staging.ivg.it\/ediapi\/wp\/v2\/users\/12120"}],"replies":[{"embeddable":true,"href":"https:\/\/staging.ivg.it\/ediapi\/wp\/v2\/comments?post=391128"}],"version-history":[{"count":0,"href":"https:\/\/staging.ivg.it\/ediapi\/wp\/v2\/posts\/391128\/revisions"}],"wp:attachment":[{"href":"https:\/\/staging.ivg.it\/ediapi\/wp\/v2\/media?parent=391128"}],"wp:term":[{"taxonomy":"category","embeddable":true,"href":"https:\/\/staging.ivg.it\/ediapi\/wp\/v2\/categories?post=391128"},{"taxonomy":"post_tag","embeddable":true,"href":"https:\/\/staging.ivg.it\/ediapi\/wp\/v2\/tags?post=391128"}],"curies":[{"name":"wp","href":"https:\/\/api.w.org\/{rel}","templated":true}]}}