{"id":390926,"date":"2016-08-19T10:00:20","date_gmt":"2016-08-19T08:00:20","guid":{"rendered":"http:\/\/www.ivg.it\/?p=390926"},"modified":"2016-08-19T10:05:24","modified_gmt":"2016-08-19T08:05:24","slug":"poca-pioggia-val-merula-sindaco-cavallo-le-sorgenti-al-minimo-storico","status":"publish","type":"post","link":"https:\/\/staging.ivg.it\/2016\/08\/poca-pioggia-val-merula-sindaco-cavallo-le-sorgenti-al-minimo-storico\/","title":{"rendered":"Emergenza acqua in Val Merula, il sindaco Cavallo: &#8220;A caccia di chi ha violato l&#8217;ordinanza anti spreco&#8221;"},"content":{"rendered":"<p><strong>Stellanello.<\/strong>\u00a0Non piove e il rischio di siccit\u00e0 aumenta. In Val Merula, come in altre zone del Savonese, inizia la danza della pioggia.<\/p>\n<p>Vive giorni di passione Claudio Cavallo, sindaco di Stellanello. L&#8217;emergenza acqua si fa sentire. &#8220;Questo inverno non \u00e8 nevicato e in primavera le piogge sono risultate insufficienti &#8211; dice il sindaco &#8211; Le sorgenti sul territorio hanno raggiunto il loro minimo storico, non ricordi di averle viste cos\u00ec, di conseguenza anche le sorgenti che alimentano l&#8217; l&#8217;acquedotto hanno raggiunto il livello minimo&#8221;.<\/p>\n<p>L&#8217;acqua non si inventa e non basta solo dire che ci deve essere perch\u00e9 ci\u00f2 avvenga. &#8220;L&#8217;unica possibilit\u00e0 \u00e8 gestirla mantenendo le scorte ed evitando gli sprechi. E infatti &#8211; dice Cavallo-\u00a0\u00a0in previsione dell&#8217;alto afflusso di popolazione per il periodo ferragostano, avevo emesso un&#8217;ordinanza sindacale dove si vietava l&#8217;utilizzo dell&#8217;acqua potabile per scopi diversi da quelli domestici tipo lavaggio terrazze irrigazione di orti&#8221;.<\/p>\n<p>Claudio Cavallo, girando sul territorio, ha visto orti di ville perfettamente verdi, prati bagnati, fiori stupendi, questo pu\u00f2 andar bene se i proprietari responsabilmente si sono attrezzati con acquedotti irrigui o con delle vasche di deposito per la raccolta della acque piovane primaverili. &#8220;Ma questo &#8211; tuona &#8211; \u00a0non va assolutamente bene se irresponsabilmente si utilizza l&#8221;acqua potabile tenendo di fatto un comportamento delinquenziale ( contravvenire a ordinanza sindacale \u00e8 reato). Non ho al momento i mezzi per sanzionare come vorrei i contravventori e quindi non posso far altro che farmi salire la pressione arteriosa a livelli di rischio e mandare a f&#8230;&#8230;.. le persone che ho beccato in flagrante. Ho documentato con foto alcune situazioni palesemente in contrasto con l&#8217;ordinanza e passata l&#8217;emergenza mi dedicher\u00f2 a chiarire certi comportamenti&#8221;.<\/p>\n","protected":false},"excerpt":{"rendered":"<p>Ha documentato alcune situazioni palesemente in contrasto con l&#8217;ordinanza; ora si dedicher\u00e0 a chiarire comportamenti scorretti<\/p>\n","protected":false},"author":12291,"featured_media":0,"comment_status":"open","ping_status":"closed","sticky":false,"template":"","format":"standard","meta":{"footnotes":""},"categories":[56],"tags":[88134,39607],"class_list":["post-390926","post","type-post","status-publish","format-standard","hentry","category-altre","tag-emergenza-acqua","tag-siccita","post_cat_citta-stellanello","post_tag_personaggi-claudio-cavallo"],"amp_validity":null,"amp_enabled":true,"_links":{"self":[{"href":"https:\/\/staging.ivg.it\/ediapi\/wp\/v2\/posts\/390926","targetHints":{"allow":["GET"]}}],"collection":[{"href":"https:\/\/staging.ivg.it\/ediapi\/wp\/v2\/posts"}],"about":[{"href":"https:\/\/staging.ivg.it\/ediapi\/wp\/v2\/types\/post"}],"author":[{"embeddable":true,"href":"https:\/\/staging.ivg.it\/ediapi\/wp\/v2\/users\/12291"}],"replies":[{"embeddable":true,"href":"https:\/\/staging.ivg.it\/ediapi\/wp\/v2\/comments?post=390926"}],"version-history":[{"count":0,"href":"https:\/\/staging.ivg.it\/ediapi\/wp\/v2\/posts\/390926\/revisions"}],"wp:attachment":[{"href":"https:\/\/staging.ivg.it\/ediapi\/wp\/v2\/media?parent=390926"}],"wp:term":[{"taxonomy":"category","embeddable":true,"href":"https:\/\/staging.ivg.it\/ediapi\/wp\/v2\/categories?post=390926"},{"taxonomy":"post_tag","embeddable":true,"href":"https:\/\/staging.ivg.it\/ediapi\/wp\/v2\/tags?post=390926"}],"curies":[{"name":"wp","href":"https:\/\/api.w.org\/{rel}","templated":true}]}}