{"id":390863,"date":"2016-08-18T11:01:30","date_gmt":"2016-08-18T09:01:30","guid":{"rendered":"http:\/\/www.ivg.it\/?p=390863"},"modified":"2016-08-18T11:32:08","modified_gmt":"2016-08-18T09:32:08","slug":"danza-riviera-pietra-ligure-diventa-la-capitale-del-balletto","status":"publish","type":"post","link":"https:\/\/staging.ivg.it\/2016\/08\/danza-riviera-pietra-ligure-diventa-la-capitale-del-balletto\/","title":{"rendered":"Ecco &#8220;Danza in Riviera&#8221;, Pietra Ligure diventa la capitale del balletto"},"content":{"rendered":"<p><strong>Pietra Ligure.<\/strong> Cinque maestri di fama internazionale e cinquanta allievi da tutta Italia saranno i protagonisti della terza edizione di &#8220;Danza in Riviera&#8221;. L&#8217;evento, organizzato dall&#8217;associazione Progetti per la Danza, si terr\u00e0 a Pietra Ligure da domenica 28 a mercoled\u00ec 31 agosto e proporr\u00e0 uno stage intensivo tutto dedicato alla formazione e allo studio dei vari stili del balletto, fornendo una preziosa occasione di incontro, crescita e confronto. <\/p>\n<p>L&#8217;iniziativa \u00e8 strutturata come un vero e proprio campus che, dalla mattina alla sera, permetter\u00e0 di vivere una settimana di lezioni di danza con alcuni dei migliori insegnanti italiani e stranieri che si troveranno eccezionalmente riuniti in una sola location. Tra i nomi di spicco di &#8220;Danza in Riviera&#8221; c&#8217;\u00e8 quello di Alen Bottaini, docente all&#8217;English National Ballet School di Londra e direttore dell&#8217;Accademia Bmica di Monaco di Baviera che si occuper\u00e0 dell&#8217;insegnamento classico, mentre al suo fianco opereranno nel modern Barbara Melica dell&#8217;Ice Lab di Sesto San Giovanni, nella tecnica classica Stefania Pace e nell&#8217;hip-hop Daniele Cervino, entrambi della scuola del Balletto di Toscana. Grande attesa \u00e8 anche per il laboratorio coreografico tenuto da Francesco Porcelluzzi, insegnante presso il Centro di Danza Balletto di Roma e tra i partecipanti nel 2015 della trasmissione televisiva &#8220;Amici di Maria de Filippi&#8221;. <div class=\"single-img-content-container fullwidth-single shortcode standard\">\n    <div class=\"image_container\" style=\"text-align: center;\">\n        <picture class=\" lazyload\"><img loading=\"lazy\" class=\"lazy\" data-srcset=\"https:\/\/www.ivg.it\/photogallery_new\/images\/2016\/08\/danza-e-balletto-354658.jpg 1024w, https:\/\/www.ivg.it\/photogallery_new\/images\/2016\/08\/danza-e-balletto-354658.jpg 970w, https:\/\/www.ivg.it\/photogallery_new\/images\/2016\/08\/danza-e-balletto-354658.jpg 660w, https:\/\/www.ivg.it\/photogallery_new\/images\/2016\/08\/danza-e-balletto-354658.jpg 316w, https:\/\/www.ivg.it\/photogallery_new\/images\/2016\/08\/danza-e-balletto-354658.jpg 150w\"  data-src=\"https:\/\/www.ivg.it\/photogallery_new\/images\/2016\/08\/danza-e-balletto-354658.jpg\" alt=\"Danza e Balletto\" \/><\/picture>\r\n\n    <\/div>\n    <\/div>\n<\/p>\n<p>&#8220;Possiamo vantare uno staff di insegnanti di primissimo livello &#8211; commenta orgogliosa Anna Pagano, presidente di Progetti per la Danza. &#8211; L&#8217;obiettivo di &#8220;Danza in Riviera&#8221; \u00e8 di proporre quattro giorni intensivi dedicati alla formazione coreutica, in cui sar\u00e0 possibile ballare e crescere con alcuni insegnanti noti nel panorama internazionale&#8221;.<\/p>\n<p>&#8220;Danza in Riviera&#8221; ha conosciuto una crescita costante ed \u00e8 ormai diventato uno degli appuntamenti di riferimento per tante scuole e accademie in vista della ripresa delle attivit\u00e0 dopo l&#8217;estate. Per la terza edizione saranno decine gli iscritti dai sette anni in su che, arrivando prevalentemente da Liguria e Piemonte, saranno per quattro giorni ospitati dalle strutture alberghiere di Pietra Ligure e delle altre localit\u00e0 limitrofe, tra cui Borgio Verezzi dove la Progetti per la Danza ha vinto il bando per la gestione e la direzione artistica del teatro Gassman. Terminati i lavori di restauro, questo teatro diventer\u00e0 la location di tanti progetti ed eventi dedicati proprio allo sviluppo della danza. Al termine di &#8220;Danza in Riviera&#8221;, gli allievi pi\u00f9 meritevoli e pi\u00f9 talentuosi otterranno importanti premi e riconoscimenti (tra cui spiccano le borse di studio offerte da Bottaini per uno stage presso l&#8217;Accademia di Monaco), oltre all&#8217;invito per i futuri eventi della Progetti per la Danza a partire dal concorso &#8220;Piero della Francesca&#8221; in programma a dicembre ad Arezzo. &#8220;Danza in Riviera&#8221; &#8211; aggiungono Anna Congiu e Alessia Lazzaro di Progetti per la Danza, &#8211; \u00e8 sempre pi\u00f9 grande: per quattro giorni Pietra Ligure diventer\u00e0 la capitale del balletto italiano&#8221;.<\/p>\n","protected":false},"excerpt":{"rendered":"<p>Pietra Ligure. Cinque maestri di fama internazionale e cinquanta allievi da tutta Italia saranno i protagonisti della terza edizione di &#8220;Danza in Riviera&#8221;. L&#8217;evento, organizzato dall&#8217;associazione Progetti per la Danza, si terr\u00e0 a Pietra Ligure da domenica 28 a mercoled\u00ec 31 agosto e proporr\u00e0 uno stage intensivo tutto dedicato alla formazione e allo studio dei [&hellip;]<\/p>\n","protected":false},"author":4,"featured_media":0,"comment_status":"open","ping_status":"closed","sticky":false,"template":"","format":"standard","meta":{"footnotes":""},"categories":[56],"tags":[1128,706],"class_list":["post-390863","post","type-post","status-publish","format-standard","hentry","category-altre","tag-balletto","tag-danza","post_cat_citta-pietra-ligure"],"amp_validity":null,"amp_enabled":true,"_links":{"self":[{"href":"https:\/\/staging.ivg.it\/ediapi\/wp\/v2\/posts\/390863","targetHints":{"allow":["GET"]}}],"collection":[{"href":"https:\/\/staging.ivg.it\/ediapi\/wp\/v2\/posts"}],"about":[{"href":"https:\/\/staging.ivg.it\/ediapi\/wp\/v2\/types\/post"}],"author":[{"embeddable":true,"href":"https:\/\/staging.ivg.it\/ediapi\/wp\/v2\/users\/4"}],"replies":[{"embeddable":true,"href":"https:\/\/staging.ivg.it\/ediapi\/wp\/v2\/comments?post=390863"}],"version-history":[{"count":0,"href":"https:\/\/staging.ivg.it\/ediapi\/wp\/v2\/posts\/390863\/revisions"}],"wp:attachment":[{"href":"https:\/\/staging.ivg.it\/ediapi\/wp\/v2\/media?parent=390863"}],"wp:term":[{"taxonomy":"category","embeddable":true,"href":"https:\/\/staging.ivg.it\/ediapi\/wp\/v2\/categories?post=390863"},{"taxonomy":"post_tag","embeddable":true,"href":"https:\/\/staging.ivg.it\/ediapi\/wp\/v2\/tags?post=390863"}],"curies":[{"name":"wp","href":"https:\/\/api.w.org\/{rel}","templated":true}]}}