{"id":390840,"date":"2016-08-17T19:03:39","date_gmt":"2016-08-17T17:03:39","guid":{"rendered":"http:\/\/www.ivg.it\/?p=390840"},"modified":"2016-08-17T20:10:09","modified_gmt":"2016-08-17T18:10:09","slug":"galleria-savona-albissola-tullio-lincidente-chiesi-modifiche-la-stradale-disse-no","status":"publish","type":"post","link":"https:\/\/staging.ivg.it\/2016\/08\/galleria-savona-albissola-tullio-lincidente-chiesi-modifiche-la-stradale-disse-no\/","title":{"rendered":"Galleria Savona-Albissola, Di Tullio dopo l&#8217;incidente: &#8220;Chiesi modifiche, ma la Stradale disse no&#8221;"},"content":{"rendered":"<p><strong>Savona.<\/strong> Una <strong>soluzione per rendere meno pericolosa la galleria di Valloria<\/strong> era pronta per essere messa in pratica, ma fu\u00a0<strong>&#8220;stoppata&#8221; dalla Polizia Stradale<\/strong>. A rivelare il retroscena, quantomeno inaspettato, \u00e8 l&#8217;ex vicesindaco di Savona <strong>Livio Di Tullio<\/strong>, il giorno dopo l&#8217;incidente che ha coinvolto Luca Cambiaso, 46enne rimasto ferito gravemente dopo essere stato urtato da una macchina mentre era in bicicletta.<\/p>\n<p>&#8220;Sollevai il problema della pericolosit\u00e0 della galleria quando ero in Comune &#8211; ricorda Di Tullio &#8211; Facemmo una <strong>riunione in Prefettura<\/strong>, presenti oltre a me il Prefetto Vicario, il Comandante della Polizia stradale, l&#8217;ANAS ed il Comandante della Polizia Municipale di Savona. Facemmo presente l&#8217;estrema pericolosit\u00e0 della galleria per ciclisti e pedoni. <strong>La Polizia Municipale di Savona propose<\/strong>, in attesa di soluzioni pi\u00f9 radicali come passare a mare con una pista ciclabile, <strong>di eliminare lo spartitraffico centrale <\/strong>e di utilizzare lo spazio ai lati si per mettere in sicurezza i ciclisti, sia per allontanare i pedoni dal traffico&#8221;.<\/p>\n<p>Una soluzione &#8220;tampone&#8221; che, per\u00f2, avrebbe fornito un minimo di sicurezza in pi\u00f9. E qui arriva la <strong>rivelazione inaspettata<\/strong>: &#8220;<strong>L&#8217;ANAS si disse disponibile<\/strong> a realizzare l&#8217;intervento <strong>purch\u00e8 autorizzata dalla Polizia Stradale. La Polizia Stradale disse di no<\/strong>&#8220;.<\/p>\n<p>L&#8217;ex vicesindaco non rivela le ragioni del &#8220;rifiuto&#8221; da parte della Stradale. Probabile per\u00f2 che tutto sia legato al fatto che <strong>lo spartitraffico spesso funge da &#8220;corsia d&#8217;emergenza&#8221; per le ambulanze<\/strong> in arrivo all&#8217;ospedale San Paolo: la galleria si trova a pochi metri dall&#8217;imbocco della rampa che porta in Valloria, e quindi svolge in quel punto una funzione nevralgica. Anche se Di Tullio contesta questa tesi: &#8220;Nella soluzione che proponemmo &#8211; spiega &#8211;<strong> le auto potevano comunque accostare a destra<\/strong> e lasciare passare i mezzi di soccorso, come succede in ogni strada&#8221;.<\/p>\n<p>Va anche\u00a0detto che la Polizia Stradale, almeno stando alla normativa, non ha &#8220;voce in capitolo&#8221; sulle decisioni di Anas. Difficile capire, quindi, a\u00a0quale &#8220;autorizzazione&#8221; si riferisca nello specifico Di Tullio. Che prosegue:\u00a0&#8220;Io <strong>capisco che<\/strong> essendo quel tratto di strada considerato extraurbano, <strong>i responsabili della sicurezza preferiscano attenersi alle norme<\/strong> previste &#8211; insiste l&#8217;ex vicesindaco &#8211; <strong>ma esiste anche un principio di realt\u00e0 nella gestione<\/strong>. Se il tratto in questione \u00e8 di fatto percorso ogni giorno da centinaia di ciclisti e pedoni, a mio parere non si pu\u00f2 sostenere la tesi che \u00e8 extraurbano. <strong>Occorre prendere atto della realt\u00e0 ed intervenire per mettere in sicurezza i pi\u00f9 deboli<\/strong>&#8220;. E invece\u00a0tutto \u00e8 rimasto immutato, nonostante la pericolosit\u00e0 risaputa della galleria per pedoni e ciclisti. &#8220;Non potemmo fare nulla &#8211; conclude Di Tullio &#8211; perch\u00e8 in quel tratto l&#8217;Aurelia non \u00e8 di &#8216;competenza&#8217; del Comune&#8221;.<\/p>\n","protected":false},"excerpt":{"rendered":"<p>L&#8217;ex vicesindaco punta il dito: &#8220;Capisco le norme, ma esiste un principio di realt\u00e0. Di l\u00ec passano centinaia di ciclisti e pedoni, bisognava intervenire&#8221;<\/p>\n","protected":false},"author":10593,"featured_media":0,"comment_status":"open","ping_status":"closed","sticky":false,"template":"","format":"standard","meta":{"footnotes":""},"categories":[45296,34,31],"tags":[3481],"class_list":["post-390840","post","type-post","status-publish","format-standard","hentry","category-copertina","category-cronaca","category-politica","tag-polizia-stradale","post_cat_citta-savona","post_tag_personaggi-livio-di-tullio-2"],"amp_validity":null,"amp_enabled":true,"_links":{"self":[{"href":"https:\/\/staging.ivg.it\/ediapi\/wp\/v2\/posts\/390840","targetHints":{"allow":["GET"]}}],"collection":[{"href":"https:\/\/staging.ivg.it\/ediapi\/wp\/v2\/posts"}],"about":[{"href":"https:\/\/staging.ivg.it\/ediapi\/wp\/v2\/types\/post"}],"author":[{"embeddable":true,"href":"https:\/\/staging.ivg.it\/ediapi\/wp\/v2\/users\/10593"}],"replies":[{"embeddable":true,"href":"https:\/\/staging.ivg.it\/ediapi\/wp\/v2\/comments?post=390840"}],"version-history":[{"count":0,"href":"https:\/\/staging.ivg.it\/ediapi\/wp\/v2\/posts\/390840\/revisions"}],"wp:attachment":[{"href":"https:\/\/staging.ivg.it\/ediapi\/wp\/v2\/media?parent=390840"}],"wp:term":[{"taxonomy":"category","embeddable":true,"href":"https:\/\/staging.ivg.it\/ediapi\/wp\/v2\/categories?post=390840"},{"taxonomy":"post_tag","embeddable":true,"href":"https:\/\/staging.ivg.it\/ediapi\/wp\/v2\/tags?post=390840"}],"curies":[{"name":"wp","href":"https:\/\/api.w.org\/{rel}","templated":true}]}}