{"id":390807,"date":"2016-08-17T12:34:36","date_gmt":"2016-08-17T10:34:36","guid":{"rendered":"http:\/\/www.ivg.it\/?p=390807"},"modified":"2016-08-17T13:19:33","modified_gmt":"2016-08-17T11:19:33","slug":"albenga-citta-delle-luci-al-via-la-riqualificazione-dellilluminazione-pubblica","status":"publish","type":"post","link":"https:\/\/staging.ivg.it\/2016\/08\/albenga-citta-delle-luci-al-via-la-riqualificazione-dellilluminazione-pubblica\/","title":{"rendered":"Albenga citt\u00e0 delle luci: al via la riqualificazione dell&#8217;illuminazione pubblica"},"content":{"rendered":"<p><strong>Albenga<\/strong>. L&#8217;amministrazione comunale del sindaco Giorgio Cangiano ha avviato\u00a0una serie di interventi sull&#8217;illuminazione pubblica di Albenga che prevede, tra l&#8217;altro, la riqualificazione energetica degli impianti con l&#8217;installazione di luci a led.<\/p>\n<p>Entra nel dettaglio il consigliere con delega all\u2019illuminazione pubblica Manlio Boscaglia: \u201cSi tratta di un piano straordinario che garantir\u00e0 un risparmio energetico pari al 60 per cento rispetto ai consumi attuali grazie alla nuova tecnologia a led. Ci\u00f2 permetter\u00e0 di dimezzare il costo delle bollette e di ottenere una migliore illuminazione, nel rispetto della normativa vigente in materia di inquinamento illuminotecnico, contribuendo a migliorare la sicurezza sul territorio, percepita dai cittadini con una maggiore illuminazione\u201d.<\/p>\n<p>\u201cTerminati gli interventi in via dei Deportati Albenganesi con l\u2019installazione di pali e luci che per la prima volta illumineranno la passeggiata, da oggi l\u2019intervento riguarder\u00e0 il lungomare Cristoforo Colombo, piazza Marconi e via Andrea Doria, la traversa via Milano (fronte Redemptoris Mater). Per la citt\u00e0 si tratta di un\u2019opera importantissima, attesa da anni, che va a riqualificare un tratto che nei mesi estivi viene frequentato da migliaia di turisti e residenti che alla sera amano passeggiare in riva al mare. I nuovi pali sono in acciaio verniciati con corpo illuminante a lampara, caratteristica classica ligure, e ottiche a led. Grazie ai nuovi apparati andremo ad illuminare la zona mare dalla foce fino al sottopasso del Rio Burrone\u201d.<\/p>\n<p>Contestualmente sono iniziati anche i lavori di sostituzione dei vecchi corpi illuminanti con nuovi anch\u2019essi a led. Gli interventi riguarderanno via Papa Giovanni (da viale Pontelungo a via Patrioti), via De Amicis, via Delminio, viale Liguria, piazza Don Sturzo (davanti all&#8217;istituto Trincheri), viale Martiri della Libert\u00e0, il Lungocenta Croce Bianca dall&#8217;angolo di via XXV Aprile e parte della stessa via fino a Parco Cotta.<\/p>\n<p>Il progetto prevede la sistemazione e la sostituzione dei vecchi apparati, ma anche nuovi interventi su aree mai illuminate e servite da pubblica illuminazione come la rotonda di piazza XX Settembre, l&#8217;incrocio di Via Borea, il piazzale ed i parcheggi adiacenti a via Delminio e il piazzale e parcheggio pubblico di nuova realizzazione antistante Self.<\/p>\n<p>\u201cIl Comune, inoltre, partecipa attivamente al progetto \u201cElena Prosper\u201d coadiuvato dalla Provincia di Savona. Il progetto prevede la messa in bando per l\u2019ammodernamento e riqualificazione energetica di tutta la pubblica illuminazione comunale con circa 7 mila punti luce a costo zero. Contestualmente \u00e8 stata avviata la procedura relativa all\u2019acquisizione degli impianti di illuminazione pubblica ancora di propriet\u00e0 Ejnel Sole che porter\u00e0 alla sostituzione totale di 870 punti luce\u201d.<\/p>\n<p>\u201cDesidero ringraziare il personale dell\u2019ufficio servizi tecnici manutentivi del comune che in economia diretta hanno gi\u00e0 eseguito numerosi interventi di riqualificazione di vie cittadine con proprio personale\u201d, conclude Boscaglia.<\/p>\n","protected":false},"excerpt":{"rendered":"<p>Il piano prevede la sistemazione e sostituzione dei vecchi lampioni con nuovi punti luce a led<\/p>\n","protected":false},"author":12120,"featured_media":0,"comment_status":"open","ping_status":"closed","sticky":false,"template":"","format":"standard","meta":{"footnotes":""},"categories":[45296,56],"tags":[62543,15253],"class_list":["post-390807","post","type-post","status-publish","format-standard","hentry","category-copertina","category-altre","tag-illuminazione-led","tag-illuminazione-pubblica","post_cat_citta-albenga","post_tag_personaggi-manlio-boscaglia"],"amp_validity":null,"amp_enabled":true,"_links":{"self":[{"href":"https:\/\/staging.ivg.it\/ediapi\/wp\/v2\/posts\/390807","targetHints":{"allow":["GET"]}}],"collection":[{"href":"https:\/\/staging.ivg.it\/ediapi\/wp\/v2\/posts"}],"about":[{"href":"https:\/\/staging.ivg.it\/ediapi\/wp\/v2\/types\/post"}],"author":[{"embeddable":true,"href":"https:\/\/staging.ivg.it\/ediapi\/wp\/v2\/users\/12120"}],"replies":[{"embeddable":true,"href":"https:\/\/staging.ivg.it\/ediapi\/wp\/v2\/comments?post=390807"}],"version-history":[{"count":0,"href":"https:\/\/staging.ivg.it\/ediapi\/wp\/v2\/posts\/390807\/revisions"}],"wp:attachment":[{"href":"https:\/\/staging.ivg.it\/ediapi\/wp\/v2\/media?parent=390807"}],"wp:term":[{"taxonomy":"category","embeddable":true,"href":"https:\/\/staging.ivg.it\/ediapi\/wp\/v2\/categories?post=390807"},{"taxonomy":"post_tag","embeddable":true,"href":"https:\/\/staging.ivg.it\/ediapi\/wp\/v2\/tags?post=390807"}],"curies":[{"name":"wp","href":"https:\/\/api.w.org\/{rel}","templated":true}]}}