{"id":390798,"date":"2016-08-17T10:45:23","date_gmt":"2016-08-17T08:45:23","guid":{"rendered":"http:\/\/www.ivg.it\/?p=390798"},"modified":"2016-08-17T16:19:51","modified_gmt":"2016-08-17T14:19:51","slug":"incidente-stradale-sullaurelia-varigotti-traffico-paralizzato","status":"publish","type":"post","link":"https:\/\/staging.ivg.it\/2016\/08\/incidente-stradale-sullaurelia-varigotti-traffico-paralizzato\/","title":{"rendered":"Incidente stradale a Varigotti, riaperta a doppio senso l&#8217;Aurelia"},"content":{"rendered":"<p><strong>Finale Ligure<\/strong>. <em>Agg h 13:58:<\/em>\u00a0E&#8217; stata riaperta a doppio senso di marcia la viabilit\u00e0\u00a0lungo la via Aurelia, all&#8217;altezza della galleria di Castelletto, dove questa mattina si \u00e8 verificato un grave incidente stradale. In mattinata si erano formate lunghe code in entrambe le direzioni, poi la riapertura ad un senso di marcia per consentire un primo deflusso di mezzi e veicoli rimasti bloccati. In tarda mattina la riapertura a doppio senso una volta rimossa l&#8217;auto coinvolta nel sinistro e con Anas che sta ultimando gli ultimi interventi di messa in sicurezza, in particolare il ripristino del guardrail divelto dalla vettura nel suo impatto in galleria.<\/p>\n<p><em>&#8211; Agg. h 11.30:<\/em> E&#8217; stato riaperto a senso unico alternato il traffico lungo la via Aurelia all&#8217;altezza della galleria di Castelletto dove questa mattina si \u00e8 verificato un grave incidente stradale. Sul posto sono intervenuti i tecnici di Anas, che si sono messi subito al lavoro per ripristinare il guard-rail danneggiato dall&#8217;auto che ha sbandato.<\/p>\n<p>Nel frattempo gli agenti della polizia municipale finalese hanno istituito\u00a0il senso unico alternato sulla corsia opposta, in modo da smaltire le lunghe code createsi a causa del sinistro. Perch\u00e9 la viabilit\u00e0 sia ripristinata del tutto per\u00f2, ci vorranno probabilmente diverse ore.<\/p>\n<p>&#8211; E&#8217; di alcuni feriti il bilancio dell&#8217;incidente stradale avvenuto questa mattina lungo la via Aurelia a Varigotti, all&#8217;altezza della galleria di Castelletto.<\/p>\n<p>Secondo quanto accertato, poco prima delle 10 di questa mattina un&#8217;auto in viaggio da Finale verso Varigotti avrebbe sbandato e sarebbe andata a sbattere contro la parete laterale del tunnel. Il guard-rail posto a protezione della carreggiata ha \u201ctrafitto\u201d l&#8217;auto dalla parte anteriore fino al retro.<\/p>\n<p>Sul posto sono intervenute tre ambulanze della croce bianca di Finale Ligure, una della croce verde di Finalborgo e un altro mezzo della croce bianca di Borgio Verezzi insieme coi vigili del fuoco del distaccamento finalese.<\/p>\n\n<p>Secondo le prime informazioni, nell&#8217;incidente sarebbero rimaste coinvolte cinque\u00a0persone: i due occupanti dell&#8217;auto, un ciclista e due\u00a0passanti, che sono stati travolti dall&#8217;auto. Una persona \u00e8 rimasta ferita gravemente, mentre gli altri hanno riportato conseguenze assai pi\u00f9 lievi.<\/p>\n<div class=\"single-img-content-container fullwidth-single shortcode standard\">\n    <div class=\"image_container\" style=\"text-align: center;\">\n        <picture class=\" lazyload\"><img loading=\"lazy\" class=\"lazy\" data-srcset=\"https:\/\/www.ivg.it\/photogallery_new\/images\/2016\/08\/incidente-stradale-a-varigotti-354537.jpg 1024w, https:\/\/www.ivg.it\/photogallery_new\/images\/2016\/08\/incidente-stradale-a-varigotti-354537.jpg 970w, https:\/\/www.ivg.it\/photogallery_new\/images\/2016\/08\/incidente-stradale-a-varigotti-354537.jpg 660w, https:\/\/www.ivg.it\/photogallery_new\/images\/2016\/08\/incidente-stradale-a-varigotti-354537.jpg 316w, https:\/\/www.ivg.it\/photogallery_new\/images\/2016\/08\/incidente-stradale-a-varigotti-354537.jpg 150w\"  data-src=\"https:\/\/www.ivg.it\/photogallery_new\/images\/2016\/08\/incidente-stradale-a-varigotti-354537.jpg\" alt=\"Incidente stradale a Varigotti\" \/><\/picture>\r\n\n    <\/div>\n    <\/div>\n\n<p>Sul posto sono intervenuti anche gli agenti della polizia municipale di Finale, che si sono occupati di effettuare i primi rilievi e di ricostruire la dinamica del sinistro.<\/p>\n<div class=\"single-img-content-container fullwidth-single shortcode standard\">\n    <div class=\"image_container\" style=\"text-align: center;\">\n        <picture class=\" lazyload\"><img loading=\"lazy\" class=\"lazy\" data-srcset=\"https:\/\/www.ivg.it\/photogallery_new\/images\/2016\/08\/incidente-stradale-a-varigotti-354545.jpg 1024w, https:\/\/www.ivg.it\/photogallery_new\/images\/2016\/08\/incidente-stradale-a-varigotti-354545.jpg 970w, https:\/\/www.ivg.it\/photogallery_new\/images\/2016\/08\/incidente-stradale-a-varigotti-354545.jpg 660w, https:\/\/www.ivg.it\/photogallery_new\/images\/2016\/08\/incidente-stradale-a-varigotti-354545.jpg 316w, https:\/\/www.ivg.it\/photogallery_new\/images\/2016\/08\/incidente-stradale-a-varigotti-354545.jpg 150w\"  data-src=\"https:\/\/www.ivg.it\/photogallery_new\/images\/2016\/08\/incidente-stradale-a-varigotti-354545.jpg\" alt=\"Incidente stradale a Varigotti\" \/><\/picture>\r\n\n    <\/div>\n    <\/div>\n\n<p>L&#8217;incidente e i successivi soccorsi hanno causato il blocco del traffico: attualmente l&#8217;Aurelia risulta del tutto paralizzata.<\/p>\n","protected":false},"excerpt":{"rendered":"<p>Sul posto sono intervenute cinque ambulanze e la polizia municipale di Finale Ligure: caos con code e viabilit\u00e0 bloccata<\/p>\n","protected":false},"author":12120,"featured_media":0,"comment_status":"open","ping_status":"closed","sticky":false,"template":"","format":"standard","meta":{"footnotes":""},"categories":[45296,34],"tags":[67030,64038,55290,62561,62269],"class_list":["post-390798","post","type-post","status-publish","format-standard","hentry","category-copertina","category-cronaca","tag-croce-bianca-borgio-verezzi","tag-croce-bianca-finale-ligure","tag-croce-verde-finalborgo","tag-polizia-municipale-finale-ligure","tag-vigili-del-fuoco-finale-ligure","post_cat_citta-finale-ligure"],"amp_validity":null,"amp_enabled":true,"_links":{"self":[{"href":"https:\/\/staging.ivg.it\/ediapi\/wp\/v2\/posts\/390798","targetHints":{"allow":["GET"]}}],"collection":[{"href":"https:\/\/staging.ivg.it\/ediapi\/wp\/v2\/posts"}],"about":[{"href":"https:\/\/staging.ivg.it\/ediapi\/wp\/v2\/types\/post"}],"author":[{"embeddable":true,"href":"https:\/\/staging.ivg.it\/ediapi\/wp\/v2\/users\/12120"}],"replies":[{"embeddable":true,"href":"https:\/\/staging.ivg.it\/ediapi\/wp\/v2\/comments?post=390798"}],"version-history":[{"count":0,"href":"https:\/\/staging.ivg.it\/ediapi\/wp\/v2\/posts\/390798\/revisions"}],"wp:attachment":[{"href":"https:\/\/staging.ivg.it\/ediapi\/wp\/v2\/media?parent=390798"}],"wp:term":[{"taxonomy":"category","embeddable":true,"href":"https:\/\/staging.ivg.it\/ediapi\/wp\/v2\/categories?post=390798"},{"taxonomy":"post_tag","embeddable":true,"href":"https:\/\/staging.ivg.it\/ediapi\/wp\/v2\/tags?post=390798"}],"curies":[{"name":"wp","href":"https:\/\/api.w.org\/{rel}","templated":true}]}}