{"id":390567,"date":"2016-08-12T16:37:03","date_gmt":"2016-08-12T14:37:03","guid":{"rendered":"http:\/\/www.ivg.it\/?p=390567"},"modified":"2016-08-12T16:37:03","modified_gmt":"2016-08-12T14:37:03","slug":"arrestati-si-scambiano-lhashish-cisano-restano-carcere","status":"publish","type":"post","link":"https:\/\/staging.ivg.it\/2016\/08\/arrestati-si-scambiano-lhashish-cisano-restano-carcere\/","title":{"rendered":"Arrestati mentre si scambiano l&#8217;hashish a Cisano: restano in carcere"},"content":{"rendered":"<p><strong><span style=\"color: #333333;\"><span style=\"font-family: Georgia, 'Times New Roman', 'Bitstream Charter', Times, serif;\"><span style=\"font-size: medium;\"><b>Cisano Sul Neva. <\/b><\/span><\/span><\/span><\/strong><span style=\"color: #333333;\"><span style=\"font-family: Georgia, 'Times New Roman', 'Bitstream Charter', Times, serif;\"><span style=\"font-size: medium;\">Si \u00e8 tenuto questa mattina in tribunale a Savona l&#8217;interrogatorio di convalida del fermo del 65enne savonese C.A. E del 33 milanese C.V.G., entrambi arrestati mercoled\u00ec scorso al termine di un&#8217;operazione antidroga dei carabinieri di Cisano sul Neva.<\/span><\/span><\/span><\/p>\n<p><span style=\"color: #333333;\"><span style=\"font-family: Georgia, 'Times New Roman', 'Bitstream Charter', Times, serif;\"><span style=\"font-size: medium;\">L&#8217;operazione si \u00e8 concretizzata nel corso del servizio organizzato dal comandante della stazione di Cisano, con il supporto dei colleghi del nucleo cinofili di Villanova d&#8217;Albenga e della stazione dei carabinieri di Villanova d&#8217;Albenga, ma anche degli agenti della polizia municipale.<\/span><\/span><\/span><\/p>\n<p><span style=\"color: #333333;\"><span style=\"font-family: Georgia, 'Times New Roman', 'Bitstream Charter', Times, serif;\"><span style=\"font-size: medium;\">Attraverso l&#8217;attivit\u00e0 di monitoraggio degli spostamenti, soste incluse, dell&#8217;auto del 65enne i militari si sono convinti che l&#8217;uomo potesse essere coinvolto in un&#8217;attivit\u00e0 di spaccio di stupefacente. L&#8217;altra sera i carabinieri hanno fatto scattare il blitz: quando alla vettura si \u00e8 avvicinata quella di C.V.G., i carabinieri erano sicuri fosse l&#8217;acquirente e cos\u00ec sono entrati in azione. Il 33enne\u00a0ha anche tentato di fuggire senza successo.<\/span><\/span><\/span><\/p>\n<p><span style=\"color: #333333;\"><span style=\"font-family: Georgia, 'Times New Roman', 'Bitstream Charter', Times, serif;\"><span style=\"font-size: medium;\">La perquisizione personale, veicolare e domiciliare ha permesso di ritrovare complessivamente circa 305 grammi di hashish suddiviso in pi\u00f9 tavolette di circa 50 grammi ciascuna.<\/span><\/span><\/span><\/p>\n<p><span style=\"color: #333333;\"><span style=\"font-family: Georgia, 'Times New Roman', 'Bitstream Charter', Times, serif;\"><span style=\"font-size: medium;\">Questa mattina i due, entrambi disoccupati e con precedenti, sono comparsi davanti al Gip Fiorenza Giorgi per l&#8217;interrogatorio. Nonostante abbiano risposto alle domande del giudice, i due (difesi rispettivamente dagli avvocati Stefano Rizzo e Paolo Gianatti) dovranno restare in carcere.<\/span><\/span><\/span><\/p>\n","protected":false},"excerpt":{"rendered":"<p>I due erano stati arrestati mercoled\u00ec scorso al termine di un&#8217;operazione antidroga dei carabinieri di Cisano sul Neva<\/p>\n","protected":false},"author":12120,"featured_media":0,"comment_status":"open","ping_status":"closed","sticky":false,"template":"","format":"standard","meta":{"footnotes":""},"categories":[45296,34],"tags":[228,1304],"class_list":["post-390567","post","type-post","status-publish","format-standard","hentry","category-copertina","category-cronaca","tag-carabinieri","tag-spaccio","post_cat_citta-cisano-sul-neva"],"amp_validity":null,"amp_enabled":true,"_links":{"self":[{"href":"https:\/\/staging.ivg.it\/ediapi\/wp\/v2\/posts\/390567","targetHints":{"allow":["GET"]}}],"collection":[{"href":"https:\/\/staging.ivg.it\/ediapi\/wp\/v2\/posts"}],"about":[{"href":"https:\/\/staging.ivg.it\/ediapi\/wp\/v2\/types\/post"}],"author":[{"embeddable":true,"href":"https:\/\/staging.ivg.it\/ediapi\/wp\/v2\/users\/12120"}],"replies":[{"embeddable":true,"href":"https:\/\/staging.ivg.it\/ediapi\/wp\/v2\/comments?post=390567"}],"version-history":[{"count":0,"href":"https:\/\/staging.ivg.it\/ediapi\/wp\/v2\/posts\/390567\/revisions"}],"wp:attachment":[{"href":"https:\/\/staging.ivg.it\/ediapi\/wp\/v2\/media?parent=390567"}],"wp:term":[{"taxonomy":"category","embeddable":true,"href":"https:\/\/staging.ivg.it\/ediapi\/wp\/v2\/categories?post=390567"},{"taxonomy":"post_tag","embeddable":true,"href":"https:\/\/staging.ivg.it\/ediapi\/wp\/v2\/tags?post=390567"}],"curies":[{"name":"wp","href":"https:\/\/api.w.org\/{rel}","templated":true}]}}