{"id":390564,"date":"2016-08-12T15:44:57","date_gmt":"2016-08-12T13:44:57","guid":{"rendered":"http:\/\/www.ivg.it\/?p=390564"},"modified":"2016-08-12T15:45:40","modified_gmt":"2016-08-12T13:45:40","slug":"rari-nantes-savona-dieci-giorni-la-squadra-riprendera-gli-allenamenti","status":"publish","type":"post","link":"https:\/\/staging.ivg.it\/2016\/08\/rari-nantes-savona-dieci-giorni-la-squadra-riprendera-gli-allenamenti\/","title":{"rendered":"Rari Nantes Savona, tra dieci giorni la prima squadra riprender\u00e0 gli allenamenti"},"content":{"rendered":"<p><strong>Savona. Luned\u00ec 22 agosto riprenderanno gli allenamenti della Carisa Rari Nantes Savona<\/strong> in preparazione alla prossima stagione agonistica 2016\/2017.<\/p>\n<p><strong>L&#8217;appuntamento \u00e8 fissato alle ore 16,30 nella piscina &#8220;Zanelli&#8221;<\/strong> per l&#8217;incontro con giornalisti e fotografi; quindi, alle 17, inizier\u00e0 il primo allenamento.<\/p>\n<p>La squadra, agli ordini dell&#8217;allenatore<strong> Alberto Angelini<\/strong>, sar\u00e0 composta da <strong>Simone Antona, Olexandr Sadovyy, Kristijan Milakovic, Luca Damonte, Giovanni Bianco, Jacopo Colombo, Lorenzo Bianco, Roberto Ravina, Simone Grosso, Jacopo Missiroli, Federico Piombo, Lorenzo Giunta, Alessandro Giunta, Emanuele Mensi.<\/strong><\/p>\n<p>Mancher\u00e0 all&#8217;appello solamente il neo acquisto <strong>Alexandros Gounas<\/strong> che \u00e8 impegnato alle Olimpiadi di Rio con la nazionale greca ed arriver\u00e0 a Savona luned\u00ec 12 settembre.<\/p>\n","protected":false},"excerpt":{"rendered":"<p>Ecco la rosa a disposizione di Alberto Angelini<\/p>\n","protected":false},"author":18,"featured_media":0,"comment_status":"open","ping_status":"closed","sticky":false,"template":"","format":"standard","meta":{"footnotes":""},"categories":[45296,32,47714],"tags":[166,165,3676],"class_list":["post-390564","post","type-post","status-publish","format-standard","hentry","category-copertina","category-sport","category-pallanuoto-sport","tag-pallanuoto","tag-rari-nantes-savona","tag-serie-a1","post_cat_citta-savona","post_tag_personaggi-alberto-angelini"],"amp_validity":null,"amp_enabled":true,"_links":{"self":[{"href":"https:\/\/staging.ivg.it\/ediapi\/wp\/v2\/posts\/390564","targetHints":{"allow":["GET"]}}],"collection":[{"href":"https:\/\/staging.ivg.it\/ediapi\/wp\/v2\/posts"}],"about":[{"href":"https:\/\/staging.ivg.it\/ediapi\/wp\/v2\/types\/post"}],"author":[{"embeddable":true,"href":"https:\/\/staging.ivg.it\/ediapi\/wp\/v2\/users\/18"}],"replies":[{"embeddable":true,"href":"https:\/\/staging.ivg.it\/ediapi\/wp\/v2\/comments?post=390564"}],"version-history":[{"count":0,"href":"https:\/\/staging.ivg.it\/ediapi\/wp\/v2\/posts\/390564\/revisions"}],"wp:attachment":[{"href":"https:\/\/staging.ivg.it\/ediapi\/wp\/v2\/media?parent=390564"}],"wp:term":[{"taxonomy":"category","embeddable":true,"href":"https:\/\/staging.ivg.it\/ediapi\/wp\/v2\/categories?post=390564"},{"taxonomy":"post_tag","embeddable":true,"href":"https:\/\/staging.ivg.it\/ediapi\/wp\/v2\/tags?post=390564"}],"curies":[{"name":"wp","href":"https:\/\/api.w.org\/{rel}","templated":true}]}}