{"id":390449,"date":"2016-08-10T16:20:43","date_gmt":"2016-08-10T14:20:43","guid":{"rendered":"http:\/\/www.ivg.it\/?p=390449"},"modified":"2016-08-10T16:20:43","modified_gmt":"2016-08-10T14:20:43","slug":"intromissione-nella-casa-profughi-aggressione-ai-militari-andra-carcere","status":"publish","type":"post","link":"https:\/\/staging.ivg.it\/2016\/08\/intromissione-nella-casa-profughi-aggressione-ai-militari-andra-carcere\/","title":{"rendered":"Intromissione nella casa di alcuni profughi e aggressione ai militari: andr\u00e0 in carcere"},"content":{"rendered":"<p><strong>Savona<\/strong>. E\u2019 stato celebrato questa mattina il processo per direttissima a carico di Christopher Amadu, il nigeriano di 24 anni arrestato luned\u00ec sera per resistenza a pubblico ufficiale. Lo straniero, finito nei guai dopo aver tentato di entrare nell&#8217;alloggio di via degli Ulivi a Savona che ospita alcuni profughi, per\u00f2 \u00e8 ancora ricoverato in ospedale e non ha potuto presenziare al processo.<\/p>\n<p>Amadu era stato trattenuto al San Paolo per alcune ferite da taglio (che si era procurato nel tentativo di entrare nella casa), ma anche per le sue condizioni psico-fisiche visto che era in stato di alterazione da droga e alcol. Per lui il giudice si \u00e8 limitato a convalidare l&#8217;arresto e a disporre la misura cautelare in carcere che verr\u00e0 applicato quando sar\u00e0 dimesso. Non appena le sue condizioni di salute saranno migliorate verr\u00e0 anche celebrato il processo per direttissima.<\/p>\n<p>L&#8217;arresto di Amadu era scattato perch\u00e9 all\u2019arrivo dei carabinieri aveva dato in escandescenze e aveva anche tentato di prendere la pistola d\u2019ordinanza di un militare.<\/p>\n","protected":false},"excerpt":{"rendered":"<p>Per il momento per\u00f2 un nigeriano di 24 anni resta ricoverato e piantonato al San Paolo<\/p>\n","protected":false},"author":2394,"featured_media":0,"comment_status":"open","ping_status":"closed","sticky":false,"template":"","format":"standard","meta":{"footnotes":""},"categories":[45296,34],"tags":[717,6496],"class_list":["post-390449","post","type-post","status-publish","format-standard","hentry","category-copertina","category-cronaca","tag-aggressione","tag-resistenza-a-pubblico-ufficiale","post_cat_citta-savona"],"amp_validity":null,"amp_enabled":true,"_links":{"self":[{"href":"https:\/\/staging.ivg.it\/ediapi\/wp\/v2\/posts\/390449","targetHints":{"allow":["GET"]}}],"collection":[{"href":"https:\/\/staging.ivg.it\/ediapi\/wp\/v2\/posts"}],"about":[{"href":"https:\/\/staging.ivg.it\/ediapi\/wp\/v2\/types\/post"}],"author":[{"embeddable":true,"href":"https:\/\/staging.ivg.it\/ediapi\/wp\/v2\/users\/2394"}],"replies":[{"embeddable":true,"href":"https:\/\/staging.ivg.it\/ediapi\/wp\/v2\/comments?post=390449"}],"version-history":[{"count":0,"href":"https:\/\/staging.ivg.it\/ediapi\/wp\/v2\/posts\/390449\/revisions"}],"wp:attachment":[{"href":"https:\/\/staging.ivg.it\/ediapi\/wp\/v2\/media?parent=390449"}],"wp:term":[{"taxonomy":"category","embeddable":true,"href":"https:\/\/staging.ivg.it\/ediapi\/wp\/v2\/categories?post=390449"},{"taxonomy":"post_tag","embeddable":true,"href":"https:\/\/staging.ivg.it\/ediapi\/wp\/v2\/tags?post=390449"}],"curies":[{"name":"wp","href":"https:\/\/api.w.org\/{rel}","templated":true}]}}