{"id":390439,"date":"2016-08-10T13:21:47","date_gmt":"2016-08-10T11:21:47","guid":{"rendered":"http:\/\/www.ivg.it\/?p=390439"},"modified":"2016-08-10T13:42:30","modified_gmt":"2016-08-10T11:42:30","slug":"inseguito-arrestato-un-furto-tunisino-patteggia-pena-nulla-osta-espulsione","status":"publish","type":"post","link":"https:\/\/staging.ivg.it\/2016\/08\/inseguito-arrestato-un-furto-tunisino-patteggia-pena-nulla-osta-espulsione\/","title":{"rendered":"Inseguito e arrestato dopo un furto, tunisino patteggia pena: nulla osta per espulsione"},"content":{"rendered":"<p><strong>Pietra Ligure.\u00a0<\/strong> Ha patteggiato una pena di tre mesi e 100 euro di multa, con la sospensione condizionale della pena, Saiefeddine Amri, il 19enne tunisino arrestato l&#8217;altra sera a Pietra Ligure dopo aver rubato alcuni abiti dal negozio di abbigliamento \u201cTitilla Moda\u201d, in via Garibaldi. Nella fuga il giovane ha cercato di nascondersi dentro le masserizie contenute in uno scantinato, ma i carabinieri sono riusciti ugualmente a individuarlo e ad arrestarlo. <\/p>\n<p>Il 19enne tunisino, accusato di &#8220;furto aggravato continuato&#8221; e con precedenti specifici, \u00e8 stato processato per direttissima questa mattina presso il Tribunale di Savona, con il giudice che ha dato il nulla osta per l&#8217;espulsione.<\/p>\n<p>Era stato il titolare del negozio a richiedere l&#8217;intervento di militari, insospettito dal comportamento del cliente, accorgendosi poi che mancavano dal negozio alcune felpe.<\/p>\n<p>Il nord-africano si \u00e8 cos\u00ec dato alla fuga, ma i carabinieri lo hanno notato mentre erano impegnati in un servizio in pattuglia e cos\u00ec si sono lanciati al suo inseguimento a piedi. La refurtiva \u00e8 stata restituita al negoziante.<\/p>\n","protected":false},"excerpt":{"rendered":"<p>E&#8217; stato trovato nascosto all\u2019interno di uno scantinato dietro ad alcune masserizie<\/p>\n","protected":false},"author":4,"featured_media":0,"comment_status":"open","ping_status":"closed","sticky":false,"template":"","format":"standard","meta":{"footnotes":""},"categories":[45296,34],"tags":[86957,87976],"class_list":["post-390439","post","type-post","status-publish","format-standard","hentry","category-copertina","category-cronaca","tag-carabinieri-pietra-ligure","tag-furto-aggravato-continuato","post_cat_citta-pietra-ligure"],"amp_validity":null,"amp_enabled":true,"_links":{"self":[{"href":"https:\/\/staging.ivg.it\/ediapi\/wp\/v2\/posts\/390439","targetHints":{"allow":["GET"]}}],"collection":[{"href":"https:\/\/staging.ivg.it\/ediapi\/wp\/v2\/posts"}],"about":[{"href":"https:\/\/staging.ivg.it\/ediapi\/wp\/v2\/types\/post"}],"author":[{"embeddable":true,"href":"https:\/\/staging.ivg.it\/ediapi\/wp\/v2\/users\/4"}],"replies":[{"embeddable":true,"href":"https:\/\/staging.ivg.it\/ediapi\/wp\/v2\/comments?post=390439"}],"version-history":[{"count":0,"href":"https:\/\/staging.ivg.it\/ediapi\/wp\/v2\/posts\/390439\/revisions"}],"wp:attachment":[{"href":"https:\/\/staging.ivg.it\/ediapi\/wp\/v2\/media?parent=390439"}],"wp:term":[{"taxonomy":"category","embeddable":true,"href":"https:\/\/staging.ivg.it\/ediapi\/wp\/v2\/categories?post=390439"},{"taxonomy":"post_tag","embeddable":true,"href":"https:\/\/staging.ivg.it\/ediapi\/wp\/v2\/tags?post=390439"}],"curies":[{"name":"wp","href":"https:\/\/api.w.org\/{rel}","templated":true}]}}