{"id":390335,"date":"2016-08-09T08:27:18","date_gmt":"2016-08-09T06:27:18","guid":{"rendered":"http:\/\/www.ivg.it\/?p=390335"},"modified":"2016-08-09T08:27:18","modified_gmt":"2016-08-09T06:27:18","slug":"meteo-liguria-peggioramento-vista-arrivano-nuvole-un-po-pioggia","status":"publish","type":"post","link":"https:\/\/staging.ivg.it\/2016\/08\/meteo-liguria-peggioramento-vista-arrivano-nuvole-un-po-pioggia\/","title":{"rendered":"Meteo Liguria, peggioramento in vista: arrivano nuvole e un po&#8217; di pioggia"},"content":{"rendered":"<p><strong>Liguria.<\/strong> Pausa dall&#8217;estate e perturbazione in arrivo. E&#8217; lo scenario che si prospetta nelle prossime ore, a causa dell&#8217;affondo verso il Mediterraneo di una saccatura attualmente presente sull&#8217;Europa Centrale.<\/p>\n<p>Il maltempo, insomma, colpir\u00e0 domani, iniziando nella notte e proseguendo al primo mattino sul settore centro-orientale della nostra regione. Eventuali fenomeni, spiegano gli esperti di Limet, comunque tenderanno a traslare abbastanza rapidamente verso Est e saranno in esaurimento gi\u00e0 dalla mattinata. Il pomeriggio trascorrer\u00e0 variabile, con nubi alternate a schiarite e la possibilit\u00e0 verso sera di qualche addensamento pi\u00f9 compatto e debole precipitazione associata.<\/p>\n<p>Intanto, per\u00f2, oggi trascorrer\u00e0 come di consueto: cieli poco nuvolosi praticamente ovunque. Dal pomeriggio prime avvisaglie della perturbazione, con maccaja a ridosso dei rilievi costieri e nubi di tipo medio-alto e cumuliformi su Alpi Marittime ed Appennino di levante. Su queste zone e sulla Val Bormida non si esclude la possibilit\u00e0 di qualche locale acquazzone. In serata progressivo aumento della nuvolosit\u00e0 con clima umido.<\/p>\n<p>I venti saranno a regime di brezza lungo le coste, da Sud-Ovest a largo con moto ondoso in aumento. Temperature in lieve calo.<\/p>\n","protected":false},"excerpt":{"rendered":"<p>Dal pomeriggio il tempo inizier\u00e0 a peggiorare e le temperature saranno in lieve calo<\/p>\n","protected":false},"author":2394,"featured_media":0,"comment_status":"open","ping_status":"closed","sticky":false,"template":"","format":"standard","meta":{"footnotes":""},"categories":[56],"tags":[65228,652,45966],"class_list":["post-390335","post","type-post","status-publish","format-standard","hentry","category-altre","tag-centro-limet","tag-meteo","tag-meteo-liguria"],"amp_validity":null,"amp_enabled":true,"_links":{"self":[{"href":"https:\/\/staging.ivg.it\/ediapi\/wp\/v2\/posts\/390335","targetHints":{"allow":["GET"]}}],"collection":[{"href":"https:\/\/staging.ivg.it\/ediapi\/wp\/v2\/posts"}],"about":[{"href":"https:\/\/staging.ivg.it\/ediapi\/wp\/v2\/types\/post"}],"author":[{"embeddable":true,"href":"https:\/\/staging.ivg.it\/ediapi\/wp\/v2\/users\/2394"}],"replies":[{"embeddable":true,"href":"https:\/\/staging.ivg.it\/ediapi\/wp\/v2\/comments?post=390335"}],"version-history":[{"count":0,"href":"https:\/\/staging.ivg.it\/ediapi\/wp\/v2\/posts\/390335\/revisions"}],"wp:attachment":[{"href":"https:\/\/staging.ivg.it\/ediapi\/wp\/v2\/media?parent=390335"}],"wp:term":[{"taxonomy":"category","embeddable":true,"href":"https:\/\/staging.ivg.it\/ediapi\/wp\/v2\/categories?post=390335"},{"taxonomy":"post_tag","embeddable":true,"href":"https:\/\/staging.ivg.it\/ediapi\/wp\/v2\/tags?post=390335"}],"curies":[{"name":"wp","href":"https:\/\/api.w.org\/{rel}","templated":true}]}}