{"id":390146,"date":"2016-08-05T18:49:30","date_gmt":"2016-08-05T16:49:30","guid":{"rendered":"http:\/\/www.ivg.it\/?p=390146"},"modified":"2016-08-05T18:49:30","modified_gmt":"2016-08-05T16:49:30","slug":"savona-causa-un-incidente-scappa-22enne-bloccato-un-agente-della-stradale-servizio","status":"publish","type":"post","link":"https:\/\/staging.ivg.it\/2016\/08\/savona-causa-un-incidente-scappa-22enne-bloccato-un-agente-della-stradale-servizio\/","title":{"rendered":"Savona, causa un incidente e scappa: 22enne bloccato da un agente della stradale fuori servizio"},"content":{"rendered":"<p><strong>Savona<\/strong>. E&#8217; stato inseguito e fermato da un agente della polizia stradale fuori servizio il 22enne di Varazze, C.F., che ieri pomeriggio a Savona ha causato un incidente nel quale sono rimaste ferite due persone.<\/p>\n<p>Il sinistro si \u00e8 verificato intorno alle 18.45 lungo la via Aurelia, nei presso della galleria \u201cValloria\u201d. Uno scooter Piaggio X9 con due persone a bordo stava procedendo in direzione di Albisola. All&#8217;improvviso, una Citroen che precedeva il ciclomotore si \u00e8 spostata improvvisamente verso destra (probabilmente con l&#8217;intenzione di fare inversione ed evitare la colonna di traffico). Nel compiere la manovra, per\u00f2, l&#8217;auto ha colpito lo scooter, facendo cadere a terra i suoi due passeggeri.<\/p>\n<p>Dopo l&#8217;urto, il conducente dell&#8217;auto non si \u00e8 fermato a prestare soccorso e, anzi, si \u00e8 allontanato a forte velocit\u00e0 in direzione di Savona.<\/p>\n<p>A bordo di un auto in transito nella stessa zona c&#8217;era un assistente della sezione della polizia stradale di Savona fuori servizio (l&#8217;agente aveva fatto il turno di notte come operatore di giornata e vigilanza). L&#8217;agente ha assistito all&#8217;incidente con i propri occhi e quando ha capito che altri conducenti stavano soccorrendo i due feriti, si \u00e8 lanciato all&#8217;inseguimento della Citroen.<\/p>\n<p>Le due auto hanno imboccato la via di scorrimento veloce per le ambulanze e hanno raggiunto l&#8217;ingresso dell&#8217;ospedale in via Genova. Qui l&#8217;agente \u00e8 riuscito a bloccare la corsa del 22enne, che \u00e8 stato denunciato in stato di libert\u00e0 per fuga dopo essere incorso in incidente stradale con lesioni alle persona e avere omesso di prestare assistenza a persone ferite a seguito di incidente stradale connesso al suo comportamento.<\/p>\n<p>Richiesta dall&#8217;assistente, sul posto \u00e8 giunta una pattuglia del distaccamento di Albenga, che ha effettuato i rilievi del caso e ha redatto gli atti relativi alla denuncia. Al 22enne \u00e8 stata anche sospesa la patente. I due feriti hanno riportato ferite giudicate guaribili in 7 giorni.<\/p>\n","protected":false},"excerpt":{"rendered":"<p>Il ragazzo \u00e8 stato denunciato a piede libero<\/p>\n","protected":false},"author":12120,"featured_media":0,"comment_status":"open","ping_status":"closed","sticky":false,"template":"","format":"standard","meta":{"footnotes":""},"categories":[45296,34],"tags":[69976,46816],"class_list":["post-390146","post","type-post","status-publish","format-standard","hentry","category-copertina","category-cronaca","tag-polizia-stradale-albenga","tag-polizia-stradale-savona","post_cat_citta-savona"],"amp_validity":null,"amp_enabled":true,"_links":{"self":[{"href":"https:\/\/staging.ivg.it\/ediapi\/wp\/v2\/posts\/390146","targetHints":{"allow":["GET"]}}],"collection":[{"href":"https:\/\/staging.ivg.it\/ediapi\/wp\/v2\/posts"}],"about":[{"href":"https:\/\/staging.ivg.it\/ediapi\/wp\/v2\/types\/post"}],"author":[{"embeddable":true,"href":"https:\/\/staging.ivg.it\/ediapi\/wp\/v2\/users\/12120"}],"replies":[{"embeddable":true,"href":"https:\/\/staging.ivg.it\/ediapi\/wp\/v2\/comments?post=390146"}],"version-history":[{"count":0,"href":"https:\/\/staging.ivg.it\/ediapi\/wp\/v2\/posts\/390146\/revisions"}],"wp:attachment":[{"href":"https:\/\/staging.ivg.it\/ediapi\/wp\/v2\/media?parent=390146"}],"wp:term":[{"taxonomy":"category","embeddable":true,"href":"https:\/\/staging.ivg.it\/ediapi\/wp\/v2\/categories?post=390146"},{"taxonomy":"post_tag","embeddable":true,"href":"https:\/\/staging.ivg.it\/ediapi\/wp\/v2\/tags?post=390146"}],"curies":[{"name":"wp","href":"https:\/\/api.w.org\/{rel}","templated":true}]}}