{"id":390012,"date":"2016-08-04T10:02:13","date_gmt":"2016-08-04T08:02:13","guid":{"rendered":"http:\/\/www.ivg.it\/?p=390012"},"modified":"2016-08-04T10:02:13","modified_gmt":"2016-08-04T08:02:13","slug":"albenga-leoncino-dargento-al-senatore-mario-mauro","status":"publish","type":"post","link":"https:\/\/staging.ivg.it\/2016\/08\/albenga-leoncino-dargento-al-senatore-mario-mauro\/","title":{"rendered":"Albenga, Leoncino d&#8217;Argento al senatore Mario Mauro"},"content":{"rendered":"<p><strong>Albenga.<\/strong> Dopo il grande successo di pubblico registrato alla prima serata del premio culturale &#8220;Leoncino d&#8217;Argento 2016&#8221;, quando il 19 luglio, nell&#8217;artistica e rinomata Piazza dei Leoni di Albenga, \u00e8 stato premiato il Cardinale Coccopalmerio, \u00e8 tutto pronto per la seconda serata.<\/p>\n<p>Sempre in Piazza dei Leoni, luned\u00ec prossimo, 8 agosto, alle ore 21,00, verr\u00e0 consegnato il Leoncino d&#8217;Argento 2016 al Senatore Mario Mauro, gi\u00e0 Ministro della difesa e vicepresidente del Parlamento Europeo, per la sua recente pubblicazione &#8220;Contro la croce&#8221;.<\/p>\n<p>&#8220;Nel suo libro &#8211; spiegano gli organizzatori &#8211; l&#8217;autore documenta la cruda realt\u00e0 di tanti nostri fratelli e sorelle cristiani che in diverse parti del mondo ed in particolare nel bacino mediorientale, quasi nel silenzio internazionale, subiscono barbare persecuzioni; la serata sar\u00e0 un&#8217;occasione per ascoltare da un testimone in prima linea i motivi e le dinamiche di questi massacri spesso superficialmente legati a motivi esclusivamente religiosi.<\/p>\n","protected":false},"excerpt":{"rendered":"<p>L&#8217;ex Ministro della difesa premiato per la sua recente pubblicazione &#8220;Contro la croce&#8221;<\/p>\n","protected":false},"author":10593,"featured_media":0,"comment_status":"open","ping_status":"closed","sticky":false,"template":"","format":"standard","meta":{"footnotes":""},"categories":[56],"tags":[87197],"class_list":["post-390012","post","type-post","status-publish","format-standard","hentry","category-altre","tag-leoncino-dargento","post_cat_citta-albenga","post_tag_personaggi-mario-mauro"],"amp_validity":null,"amp_enabled":true,"_links":{"self":[{"href":"https:\/\/staging.ivg.it\/ediapi\/wp\/v2\/posts\/390012","targetHints":{"allow":["GET"]}}],"collection":[{"href":"https:\/\/staging.ivg.it\/ediapi\/wp\/v2\/posts"}],"about":[{"href":"https:\/\/staging.ivg.it\/ediapi\/wp\/v2\/types\/post"}],"author":[{"embeddable":true,"href":"https:\/\/staging.ivg.it\/ediapi\/wp\/v2\/users\/10593"}],"replies":[{"embeddable":true,"href":"https:\/\/staging.ivg.it\/ediapi\/wp\/v2\/comments?post=390012"}],"version-history":[{"count":0,"href":"https:\/\/staging.ivg.it\/ediapi\/wp\/v2\/posts\/390012\/revisions"}],"wp:attachment":[{"href":"https:\/\/staging.ivg.it\/ediapi\/wp\/v2\/media?parent=390012"}],"wp:term":[{"taxonomy":"category","embeddable":true,"href":"https:\/\/staging.ivg.it\/ediapi\/wp\/v2\/categories?post=390012"},{"taxonomy":"post_tag","embeddable":true,"href":"https:\/\/staging.ivg.it\/ediapi\/wp\/v2\/tags?post=390012"}],"curies":[{"name":"wp","href":"https:\/\/api.w.org\/{rel}","templated":true}]}}