{"id":389927,"date":"2016-08-03T08:02:50","date_gmt":"2016-08-03T06:02:50","guid":{"rendered":"http:\/\/www.ivg.it\/?p=389927"},"modified":"2016-08-03T08:02:50","modified_gmt":"2016-08-03T06:02:50","slug":"loano-la-lista-civica-allattacco-della-maggioranza-presuntuosa-poco-aperta-al-dialogo","status":"publish","type":"post","link":"https:\/\/staging.ivg.it\/2016\/08\/loano-la-lista-civica-allattacco-della-maggioranza-presuntuosa-poco-aperta-al-dialogo\/","title":{"rendered":"Loano, la lista civica all&#8217;attacco della maggioranza: &#8220;Presuntuosa e poco aperta al dialogo&#8221;"},"content":{"rendered":"<p><strong>Loano<\/strong>. \u201cI vegan e cose coi spegetti de natta\u201d. Cos\u00ec i consiglieri della lista civica di minoranza LoaNoi scelgono di \u201cdefinire l\u2019atteggiamento assunto della maggioranza del sindaco Luigi Pignocca nei confronti delle problematiche sollevate durante l\u2019ultimo consiglio comunale loanese\u201d.<\/p>\n<p>\u201cLo stato vergognoso in cui versa il Nimbalto &#8216;non \u00e8 un gran problema&#8217;. Se il progetto di utilizzo delle aree demaniali (Pud), non \u00e8 in regola con le direttive regionali dal 2009, &#8216;mica tutto pu\u00f2 essere perfetto&#8217;. Sullo scioglimento dell&#8217;unione dei comuni e relativo spreco di soldi dei cittadini &#8216;meglio glissare&#8217;. E sull\u2019assestamento di bilancio nessuna spiegazione politica ai tagli su diritto allo studio, politiche sociali, sport e tempo libero, diritto alla mobilit\u00e0, tutela e valorizzazione e recupero ambientale (solo queste ultime ridotte di ben 50 mila euro euro)\u201d.<\/p>\n<p>\u201cE intanto il &#8216;dialogo coi cittadini&#8217; su questioni davvero problematiche, come la sicurezza e l\u2019avvio della nuova raccolta rifiuti, si sta dimostrando un\u2019operazione solo di facciata, un po&#8217; come la tanto sventolata Bandiera Lilla in un comune dove nel settore &#8216;interventi per la disabilit\u00e0&#8217; vengono spesi solo mille euro l\u2019anno\u201d.<\/p>\n<p>Il consigliere Daniele Oliva commenta: \u201cMi spiace che ci sia poca partecipazione ai consigli comunali, altrimenti si potrebbe notare quanta presunzione e poca disponibilit\u00e0 al dialogo ha la maggioranza\u201d.<\/p>\n<p>Il capogruppo Paolo Gervasi chiosa: \u201cAbbiamo segnalato le solite imprecisioni, inesattezze e mancanze che caratterizzano la documentazione amministrativa loanese e che non dovrebbero esistere posto che riusciamo ad individuarle noi poveri consiglieri di minoranza privi di adeguata struttura organizzativa alle spalle e non riesce ad individuarle un\u2019amministrazione che conta ben undici consiglieri ed un sindaco.\u201d<\/p>\n","protected":false},"excerpt":{"rendered":"<p>&#8220;I documenti prodotti dall&#8217;amministrazione sono sempre pieni di imprecisioni, inesattezze e mancanze&#8221;<\/p>\n","protected":false},"author":12120,"featured_media":0,"comment_status":"open","ping_status":"closed","sticky":false,"template":"","format":"standard","meta":{"footnotes":""},"categories":[45296,31],"tags":[83653],"class_list":["post-389927","post","type-post","status-publish","format-standard","hentry","category-copertina","category-politica","tag-lista-civica-loanoi","post_cat_citta-loano","post_tag_personaggi-daniele-oliva","post_tag_personaggi-luigi-pignocca","post_tag_personaggi-paolo-gervasi"],"amp_validity":null,"amp_enabled":true,"_links":{"self":[{"href":"https:\/\/staging.ivg.it\/ediapi\/wp\/v2\/posts\/389927","targetHints":{"allow":["GET"]}}],"collection":[{"href":"https:\/\/staging.ivg.it\/ediapi\/wp\/v2\/posts"}],"about":[{"href":"https:\/\/staging.ivg.it\/ediapi\/wp\/v2\/types\/post"}],"author":[{"embeddable":true,"href":"https:\/\/staging.ivg.it\/ediapi\/wp\/v2\/users\/12120"}],"replies":[{"embeddable":true,"href":"https:\/\/staging.ivg.it\/ediapi\/wp\/v2\/comments?post=389927"}],"version-history":[{"count":0,"href":"https:\/\/staging.ivg.it\/ediapi\/wp\/v2\/posts\/389927\/revisions"}],"wp:attachment":[{"href":"https:\/\/staging.ivg.it\/ediapi\/wp\/v2\/media?parent=389927"}],"wp:term":[{"taxonomy":"category","embeddable":true,"href":"https:\/\/staging.ivg.it\/ediapi\/wp\/v2\/categories?post=389927"},{"taxonomy":"post_tag","embeddable":true,"href":"https:\/\/staging.ivg.it\/ediapi\/wp\/v2\/tags?post=389927"}],"curies":[{"name":"wp","href":"https:\/\/api.w.org\/{rel}","templated":true}]}}