{"id":38990,"date":"2008-10-28T16:50:38","date_gmt":"2008-10-28T15:50:38","guid":{"rendered":"http:\/\/www.ivg.it\/?p=38990"},"modified":"2008-10-29T15:27:25","modified_gmt":"2008-10-29T14:27:25","slug":"asl-2-tutto-pronto-per-la-campagna-antinfluenzale","status":"publish","type":"post","link":"https:\/\/staging.ivg.it\/2008\/10\/asl-2-tutto-pronto-per-la-campagna-antinfluenzale\/","title":{"rendered":"Asl 2: tutto pronto per la campagna antinfluenzale"},"content":{"rendered":"<p><strong>[thumb:4941:l]Savona.<\/strong> Prender\u00e0 il via il 3 novembre la campagna di vaccinazione antinfluenzale organizzata dall&#8217;Asl 2 savonese, che vedr\u00e0 la somministrazione di oltre settantunomila dosi di siero da parte di medici del servizio di igiene e sanit\u00e0 pubblica, medici di medicina generale e pediatri.<\/p>\n<p>L&#8217;Asl ricorda che la vaccinazione \u00e8 offerta gratuitamente agli anziani al di sopra dei 64 anni, ai soggetti di ogni et\u00e0 affetti da malattie croniche, diabete e altre patologie metaboliche, fibrosi cistica e malattie congenite o acquisite, oltre che agli addetti a servizi pubblici di primario interesse collettivo ed al personale sanitario di assistenza.<\/p>\n<p>L&#8217;azienda sanitaria rammenta poi che nei soggetti ad alto rischio e negli anziani \u00e8 fortemente consigliabile effettuare la vaccinazione per pneumococco, le cui indicazioni sono sostanzialmente identiche a quelle dell&#8217;antinfluenzale. La Regione Liguria prosegue in tal modo il cammino intrapreso nei confronti delle malattie invasive, iniziato dapprima nei confronti dei soggetti ultra sessantaquattrenni o in quelli considerati a rischio e proseguito poi con l&#8217;offerta gratuita per tutti i bambini sino ai 36 mesi di vita.<\/p>\n<p>Le prenotazioni potranno essere effettuate direttamente o telefonicamente presso gli ambulatori di igiene e sanit\u00e0 pubblica di Savona, Albenga, Loano, Carcare, Vado, Spotorno, Sassello, Varazze e Celle Ligure.<\/p>\n","protected":false},"excerpt":{"rendered":"<p>[thumb:4941:l]Savona. Prender\u00e0 il via il 3 novembre la campagna di vaccinazione antinfluenzale organizzata dall&#8217;Asl 2 savonese, che vedr\u00e0 la somministrazione di oltre settantunomila dosi di siero da parte di medici del servizio di igiene e sanit\u00e0 pubblica, medici di medicina generale e pediatri. L&#8217;Asl ricorda che la vaccinazione \u00e8 offerta gratuitamente agli anziani al di [&hellip;]<\/p>\n","protected":false},"author":4,"featured_media":0,"comment_status":"open","ping_status":"closed","sticky":false,"template":"","format":"standard","meta":{"footnotes":""},"categories":[],"tags":[292,85850,2777],"class_list":["post-38990","post","type-post","status-publish","format-standard","hentry","tag-asl-2","tag-savona","tag-vaccinazione","post_cat_citta-andora","post_cat_citta-savona"],"amp_validity":null,"amp_enabled":true,"_links":{"self":[{"href":"https:\/\/staging.ivg.it\/ediapi\/wp\/v2\/posts\/38990","targetHints":{"allow":["GET"]}}],"collection":[{"href":"https:\/\/staging.ivg.it\/ediapi\/wp\/v2\/posts"}],"about":[{"href":"https:\/\/staging.ivg.it\/ediapi\/wp\/v2\/types\/post"}],"author":[{"embeddable":true,"href":"https:\/\/staging.ivg.it\/ediapi\/wp\/v2\/users\/4"}],"replies":[{"embeddable":true,"href":"https:\/\/staging.ivg.it\/ediapi\/wp\/v2\/comments?post=38990"}],"version-history":[{"count":0,"href":"https:\/\/staging.ivg.it\/ediapi\/wp\/v2\/posts\/38990\/revisions"}],"wp:attachment":[{"href":"https:\/\/staging.ivg.it\/ediapi\/wp\/v2\/media?parent=38990"}],"wp:term":[{"taxonomy":"category","embeddable":true,"href":"https:\/\/staging.ivg.it\/ediapi\/wp\/v2\/categories?post=38990"},{"taxonomy":"post_tag","embeddable":true,"href":"https:\/\/staging.ivg.it\/ediapi\/wp\/v2\/tags?post=38990"}],"curies":[{"name":"wp","href":"https:\/\/api.w.org\/{rel}","templated":true}]}}