{"id":389514,"date":"2016-07-29T08:58:53","date_gmt":"2016-07-29T06:58:53","guid":{"rendered":"http:\/\/www.ivg.it\/?p=389514"},"modified":"2016-07-29T08:58:53","modified_gmt":"2016-07-29T06:58:53","slug":"meteo-arriva-solleone-tempo-stabile-afa","status":"publish","type":"post","link":"https:\/\/staging.ivg.it\/2016\/07\/meteo-arriva-solleone-tempo-stabile-afa\/","title":{"rendered":"Meteo, arriva il solleone: tempo stabile e afa"},"content":{"rendered":"<p><strong>Liguria.<\/strong> Tempo stabile e soleggiato con caldo (afoso) in aumento nel fine settimana sulla Liguria. Unici disturbi rappresentati da qualche nube bassa (maccaja) durante la notte e al primo lungo le coste.<\/p>\n<p>L&#8217;estate ormai al giro di boa del mese di agosto, vedr\u00e0 un rinforzo dell&#8217;alta pressione sull&#8217;Italia nel corso del fine settimana che va ad iniziare, spiega Limet. Ci troviamo nel periodo del Solleone, quella fase della stagione estiva statisticamente pi\u00f9 calda e la moderata ondata di caldo attesa nei prossimi giorni andr\u00e0 a confermare tale assunto. Un contributo di aria calda di matrice africana andr\u00e0 quindi a rinforzare il campo anticiclonico spegnendo l&#8217;instabilit\u00e0 pomeridiana sviluppatasi sui rilievi appenninici nei pomeriggi dei giorni scorsi.<\/p>\n<p>Situazione del tempo sulla Liguria quindi improntata alla stabilit\u00e0 nel corso del fine settimana con temperature massime stazionarie quest&#8217;oggi, in aumento nella giornata di domani soprattutto nelle zone interne e in montagna. Ci troveremo di fronte a un caldo di tipo afoso, con tassi di umidit\u00e0 elevati che acuiranno il disagio fisico. Afa che si far\u00e0 sentire particolarmente lungo la costa attenuata durante il giorno dalle brezze marine e ancor pi\u00f9 durante la notte nei centri urbani. Caldo pi\u00f9 asciutto (torrido) nelle zone interne e sulle prospicenti pianure di confine.<\/p>\n<p>Nel corso della notte appena trascorsa i valori minimi di temperatura registrati lungo la costa si sono mantenuti sopra la soglia dei 20\u00b0C, compresi tra 21 e 23\u00b0C uniti a valori igrometrici superiori all&#8217;80% con conseguente afosit\u00e0 dell&#8217;aria. Valori inferiori nelle zone interne compresi tra 13 e 17\u00b0C. Lo zero termico, in risalita, si attester\u00e0 nei prossimi giorni intorno ai 4500 metri. Gli alti tassi d&#8217;umidit\u00e0 e una componente meridionale nei bassi strati sono all&#8217;origine della formazione notturna di nubi basse (maccaja) lungo alcuni tratti di costa, in particolar modo tra il Savonese e il Tigullio occidentale. Un fenomeno che si ripeter\u00e0 anche nel corso del weekend, durante la notte e al primo mattino, lungo la costa per poi dissolversi gradualmente durante il giorno.<\/p>\n","protected":false},"excerpt":{"rendered":"<p>Liguria. Tempo stabile e soleggiato con caldo (afoso) in aumento nel fine settimana sulla Liguria. Unici disturbi rappresentati da qualche nube bassa (maccaja) durante la notte e al primo lungo le coste. L&#8217;estate ormai al giro di boa del mese di agosto, vedr\u00e0 un rinforzo dell&#8217;alta pressione sull&#8217;Italia nel corso del fine settimana che va [&hellip;]<\/p>\n","protected":false},"author":10593,"featured_media":0,"comment_status":"open","ping_status":"closed","sticky":false,"template":"","format":"standard","meta":{"footnotes":""},"categories":[45296,34],"tags":[42023,652],"class_list":["post-389514","post","type-post","status-publish","format-standard","hentry","category-copertina","category-cronaca","tag-limet","tag-meteo","post_cat_citta-provincia"],"amp_validity":null,"amp_enabled":true,"_links":{"self":[{"href":"https:\/\/staging.ivg.it\/ediapi\/wp\/v2\/posts\/389514","targetHints":{"allow":["GET"]}}],"collection":[{"href":"https:\/\/staging.ivg.it\/ediapi\/wp\/v2\/posts"}],"about":[{"href":"https:\/\/staging.ivg.it\/ediapi\/wp\/v2\/types\/post"}],"author":[{"embeddable":true,"href":"https:\/\/staging.ivg.it\/ediapi\/wp\/v2\/users\/10593"}],"replies":[{"embeddable":true,"href":"https:\/\/staging.ivg.it\/ediapi\/wp\/v2\/comments?post=389514"}],"version-history":[{"count":0,"href":"https:\/\/staging.ivg.it\/ediapi\/wp\/v2\/posts\/389514\/revisions"}],"wp:attachment":[{"href":"https:\/\/staging.ivg.it\/ediapi\/wp\/v2\/media?parent=389514"}],"wp:term":[{"taxonomy":"category","embeddable":true,"href":"https:\/\/staging.ivg.it\/ediapi\/wp\/v2\/categories?post=389514"},{"taxonomy":"post_tag","embeddable":true,"href":"https:\/\/staging.ivg.it\/ediapi\/wp\/v2\/tags?post=389514"}],"curies":[{"name":"wp","href":"https:\/\/api.w.org\/{rel}","templated":true}]}}