{"id":389090,"date":"2016-07-22T16:36:47","date_gmt":"2016-07-22T14:36:47","guid":{"rendered":"http:\/\/www.ivg.it\/?p=389090"},"modified":"2016-07-22T16:36:47","modified_gmt":"2016-07-22T14:36:47","slug":"crisi-industriale-ira-fiom-aziende-inaffidabili-violano-gli-accordi-calpestano-la-dignita-delle-persone","status":"publish","type":"post","link":"https:\/\/staging.ivg.it\/2016\/07\/crisi-industriale-ira-fiom-aziende-inaffidabili-violano-gli-accordi-calpestano-la-dignita-delle-persone\/","title":{"rendered":"Crisi industriale, ira Fiom: &#8220;Aziende inaffidabili, violano gli accordi e calpestano la dignit\u00e0 delle persone&#8221;"},"content":{"rendered":"<p><strong>Savona<\/strong>. \u201cC&#8217;\u00e8 un minimo comune denominatore nelle vicende che riguardano Bombardier, Piaggio e Tirreno Power: la mancanza di politica industriale del nostro paese su diversi settori che dovrebbero essere strategici per qualsiasi paese (trasporto ed energia), ma soprattutto l&#8217;inaffidabilit\u00e0 delle aziende\u201d.<\/p>\n<p>A sostenerlo \u00e8 il segretario generale della Fiom-Cgil di Savona Andrea Pasa, che prosegue: \u201cSempre di pi\u00f9 vi sono imprese che siglano accordi, anche molto faticosi come nel caso della Piaggio, e dopo pochi mesi li disdettano, non rispettando nulla di quello che hanno siglato; e poco importa alle aziende se gli impegni siano presi davanti alle istituzioni, i ministeri, le regioni o le amministrazioni locali, ci\u00f2 che governa le loro decisioni passa sopra tutto e sopra tutti, fino a calpestare la dignit\u00e0 delle persone\u201d:<\/p>\n<p>\u201cContinuo a pensare che i problemi che stanno attraversando i lavoratori di Piaggio e Bombardier devono necessariamente essere un problema per tutti gli amministratori locali della provincia e non solo di Villanova e Vado Ligure. In queste due aziende lavorano oltre mille e 600 lavoratori che risiedono in molti comuni della nostra Provincia, soprattutto nella citt\u00e0 di Savona, che oggi come ieri \u00e8 lontanissima da mettere al centro delle proprie priorit\u00e0 lavoro e lavoratori. Entrambe le vertenze pur essendo molto complicate hanno potenzialit\u00e0 incredibili, grazie alla capacit\u00e0 dei lavoratori e per i prodotti che progettano e producono con incredibile professionalit\u00e0.\u00a0In questi anni sono state messe in &#8216;crisi&#8217; da gruppi dirigenti incapaci di gestire queste oggettive potenzialit\u00e0 e per aver sperperato conoscenze uniche nel Paese\u201d.<\/p>\n<p>I sindacati sono sempre sulle barricate: \u201cCome organizzazioni sindacali abbiamo svolto in questi ultimi anni un lavoro straordinario, visto che ora entrambe le vicende sono sui tavoli ministeriali: Piaggio da oltre due anni, Bombardier inizier\u00e0 il proprio percorso la prossima settimana (il 28 luglio alle 15). Ministeri che necessariamente dovranno recepire le nostre osservazioni, proposte e, auspichiamo, vie d&#8217;uscita, contrariamente a ci\u00f2 che le aziende fino ad oggi unilateralmente hanno messo in campo, miopi di ci\u00f2 che ancora le maestranze possono e vogliono dare in termini di conoscenze e capacit\u00e0 professionali\u201d.<\/p>\n<p>\u201cGrazie alla costanza e responsabilit\u00e0 dei lavoratori e delle organizzazioni sindacali abbiamo rimesso sui giusti binari le due vertenze che rischiavano di deragliare causando centinaia di licenziamenti; ora e&#8217; necessario proseguire su questo percorso con l&#8217;obbiettivo di porre in essere le soluzioni che sono a portata di mano anche sfruttando gli strumenti che sono all&#8217;interno del Protocollo di Intesa per il rilancio e lo sviluppo industriale delle aree savonese che Cgil Cisl e Iil insieme alle istituzioni locali hanno elaborato ed inviato ai ministeri al fine di ottenere il riconoscimento di area di crisi complessa del nostro territorio\u201d, conclude Pasa.<\/p>\n","protected":false},"excerpt":{"rendered":"<p>Savona. \u201cC&#8217;\u00e8 un minimo comune denominatore nelle vicende che riguardano Bombardier, Piaggio e Tirreno Power: la mancanza di politica industriale del nostro paese su diversi settori che dovrebbero essere strategici per qualsiasi paese (trasporto ed energia), ma soprattutto l&#8217;inaffidabilit\u00e0 delle aziende\u201d. A sostenerlo \u00e8 il segretario generale della Fiom-Cgil di Savona Andrea Pasa, che prosegue: [&hellip;]<\/p>\n","protected":false},"author":12120,"featured_media":0,"comment_status":"open","ping_status":"closed","sticky":false,"template":"","format":"standard","meta":{"footnotes":""},"categories":[45296,35,31],"tags":[87027,19452,4898,58854],"class_list":["post-389090","post","type-post","status-publish","format-standard","hentry","category-copertina","category-economia","category-politica","tag-crisi-bombardier","tag-crisi-industriale","tag-fiom-cgil","tag-piaggio-aerospace","post_tag_personaggi-andrea-pasa"],"amp_validity":null,"amp_enabled":true,"_links":{"self":[{"href":"https:\/\/staging.ivg.it\/ediapi\/wp\/v2\/posts\/389090","targetHints":{"allow":["GET"]}}],"collection":[{"href":"https:\/\/staging.ivg.it\/ediapi\/wp\/v2\/posts"}],"about":[{"href":"https:\/\/staging.ivg.it\/ediapi\/wp\/v2\/types\/post"}],"author":[{"embeddable":true,"href":"https:\/\/staging.ivg.it\/ediapi\/wp\/v2\/users\/12120"}],"replies":[{"embeddable":true,"href":"https:\/\/staging.ivg.it\/ediapi\/wp\/v2\/comments?post=389090"}],"version-history":[{"count":0,"href":"https:\/\/staging.ivg.it\/ediapi\/wp\/v2\/posts\/389090\/revisions"}],"wp:attachment":[{"href":"https:\/\/staging.ivg.it\/ediapi\/wp\/v2\/media?parent=389090"}],"wp:term":[{"taxonomy":"category","embeddable":true,"href":"https:\/\/staging.ivg.it\/ediapi\/wp\/v2\/categories?post=389090"},{"taxonomy":"post_tag","embeddable":true,"href":"https:\/\/staging.ivg.it\/ediapi\/wp\/v2\/tags?post=389090"}],"curies":[{"name":"wp","href":"https:\/\/api.w.org\/{rel}","templated":true}]}}