{"id":389047,"date":"2016-07-22T11:42:40","date_gmt":"2016-07-22T09:42:40","guid":{"rendered":"http:\/\/www.ivg.it\/?p=389047"},"modified":"2016-07-22T11:42:40","modified_gmt":"2016-07-22T09:42:40","slug":"no-allabuso-alcol-ser-t-dellasl-2-torna-nelle-sagre-estive-savonesi","status":"publish","type":"post","link":"https:\/\/staging.ivg.it\/2016\/07\/no-allabuso-alcol-ser-t-dellasl-2-torna-nelle-sagre-estive-savonesi\/","title":{"rendered":"No all\u2019abuso di alcol, il Ser.T dell&#8217;Asl 2 torna nelle sagre estive savonesi"},"content":{"rendered":"<p><strong>Savona<\/strong>. &#8220;In ogni serata, c\u2019\u00e8 chi beve\u2026e chi si diverte. E tu?&#8221;. E&#8217; questo lo slogan del Ministero della salute per la campagna 2016 contro l\u2019abuso di alcol. L\u2019attivit\u00e0 del Ser.T dell\u2019Asl 2, diretto dal Dott. Roberto Carrozzino, condivide questo messaggio e continua a promuovere azioni di sensibilizzazione e contrasto all\u2019abuso di alcol ed altre sostanze psicoattive, con interventi nelle sagre estive della provincia di Savona. <\/p>\n<p>Grazie alla costante collaborazione tra le realt\u00e0 del territorio e le istituzioni si \u00e8 creata una solida \u201crete\u201d di lavoro che continua a guardare al futuro attraverso le azioni di prevenzione e di coinvolgimento dei cittadini. Anche quest\u2019anno operatori del Ser.T. saranno presenti in molte sagre estive organizzate nel corso del periodo estivo sul territorio provinciale. <\/p>\n<p>&#8220;I risultati incoraggianti degli anni scorsi hanno consolidato le vecchie collaborazioni ed hanno spinto gli organizzatori di altre sagre a richiedere la nostra presenza ed il nostro coinvolgimento in nuove iniziative&#8221; conferma la dott.ssa Rachele Donini referente del progetto.<\/p>\n<p>Ecco il calendario in programma per la stagione estiva 2016: oggi: Sagra della Madonna del Carmine &#8211; Luceto; domani PerBacco &#8211;  Stella S. Bernardo; 29 luglio: Sagra del Michettin &#8211; S. Giorgio d\u2019Albenga; 31 luglio: Sagra del pesce &#8211; S. Genesio- Vado Ligure; 5 e 9 Agosto: Festa dei Gumbi -Toirano; 6 Agosto:  Cairo Medievale &#8211;  Cairo Montenotte; 7 Agosto: Festa della Croce Rossa &#8211; Varazze; 12 Agosto: Sagra del Nostralino &#8211; Ranzi; 26 Agosto: Festa dei Crociati &#8211; Finalborgo; 27 Agosto: Sagra du Burgu &#8211; Bastia d\u2019Albenga.<\/p>\n<p>&#8220;La sensibilit\u00e0 dei cittadini al controllo del tasso alcolico \u00e8 cresciuta costantemente in questi anni e lo stand dell\u2019etilometro non \u00e8 pi\u00f9 una semplice &#8216;curiosit\u00e0 da provare&#8217; ma \u00e8 diventato un\u2019azione responsabile e naturale alla fine di una serata all\u2019insegna del divertimento&#8221; spiega la Dott.ssa Donini.<\/p>\n<p>Come ogni anno i presidi saranno ospitati presso un gazebo all\u2019interno dell\u2019area della manifestazione dove gli operatori del Ser.T. offriranno  materiale informativo ed incontreranno  le persone che volontariamente decideranno di sottoporsi al test etilometrico.<\/p>\n<p>&#8220;Il consenso di cui oggi gode questo tipo di iniziativa, che \u00e8 iniziata ormai 15 anni fa, \u00e8 cresciuto sempre di pi\u00f9 grazie ai risultati che sono stati raggiunti in termini di sensibilizzazione, consapevolezza e responsabilit\u00e0 personale e sociale di tutte le fasce d\u2019et\u00e0 della cittadinanza, che oggi non sottovaluta i devastanti effetti che l\u2019alcol pu\u00f2 arrecare, particolarmente quando ci si mette alla guida&#8221; aggiunge la dottoressa del Sert.<\/p>\n<p>La presenza negli stand di giovani opportunamente formati ha fatto registrare lo scorso anno un aumento dell\u2019interesse alla misurazione del tasso alcolico proprio tra i giovani. Per questo motivo, anche quest\u2019anno, gli operatori del Ser.T. saranno affiancati da \u201cpeer educator\u201d che proporranno i temi della prevenzione agli incidenti stradali con il linguaggio e le modalit\u00e0 proprie dei giovani, risultando in tal modo pi\u00f9 efficaci e d\u2019impatto sulla popolazione giovanile.<\/p>\n<p>&#8220;Crediamo in questo progetto ed i risultati dimostrano l\u2019importanza di continuare sulla strada della sicurezza e della salute&#8221; conclude Donini.<\/p>\n","protected":false},"excerpt":{"rendered":"<p>Gli operatori offriranno materiale informativo ed incontreranno  le persone che volontariamente decideranno di sottoporsi al test etilometrico<\/p>\n","protected":false},"author":2394,"featured_media":0,"comment_status":"open","ping_status":"closed","sticky":false,"template":"","format":"standard","meta":{"footnotes":""},"categories":[56],"tags":[87506,9030,71796],"class_list":["post-389047","post","type-post","status-publish","format-standard","hentry","category-altre","tag-abuso-alcol","tag-asl-2-savonese","tag-ser-t","post_cat_citta-savona"],"amp_validity":null,"amp_enabled":true,"_links":{"self":[{"href":"https:\/\/staging.ivg.it\/ediapi\/wp\/v2\/posts\/389047","targetHints":{"allow":["GET"]}}],"collection":[{"href":"https:\/\/staging.ivg.it\/ediapi\/wp\/v2\/posts"}],"about":[{"href":"https:\/\/staging.ivg.it\/ediapi\/wp\/v2\/types\/post"}],"author":[{"embeddable":true,"href":"https:\/\/staging.ivg.it\/ediapi\/wp\/v2\/users\/2394"}],"replies":[{"embeddable":true,"href":"https:\/\/staging.ivg.it\/ediapi\/wp\/v2\/comments?post=389047"}],"version-history":[{"count":0,"href":"https:\/\/staging.ivg.it\/ediapi\/wp\/v2\/posts\/389047\/revisions"}],"wp:attachment":[{"href":"https:\/\/staging.ivg.it\/ediapi\/wp\/v2\/media?parent=389047"}],"wp:term":[{"taxonomy":"category","embeddable":true,"href":"https:\/\/staging.ivg.it\/ediapi\/wp\/v2\/categories?post=389047"},{"taxonomy":"post_tag","embeddable":true,"href":"https:\/\/staging.ivg.it\/ediapi\/wp\/v2\/tags?post=389047"}],"curies":[{"name":"wp","href":"https:\/\/api.w.org\/{rel}","templated":true}]}}