{"id":388601,"date":"2016-07-16T08:18:48","date_gmt":"2016-07-16T06:18:48","guid":{"rendered":"http:\/\/www.ivg.it\/?p=388601"},"modified":"2016-07-16T12:59:26","modified_gmt":"2016-07-16T10:59:26","slug":"alluvione-2019-frana-2014-varazze-interventi-le-strade","status":"publish","type":"post","link":"https:\/\/staging.ivg.it\/2016\/07\/alluvione-2019-frana-2014-varazze-interventi-le-strade\/","title":{"rendered":"Alluvione 2010 e frana 2014, a Varazze interventi per le strade"},"content":{"rendered":"<p><strong>Varazze.<\/strong> L\u2019amministrazione comunale di Varazze sta mettendo mano alle due criticit\u00e0 che interessano la viabilit\u00e0 della strada che porta all\u2019Eremo del Deserto sia passando da Varazze che da Sciarborasca.<\/p>\n<p>L\u2019intervento al confine con il Comune di Cogoleto, che prevede la realizzazione di un ponte in sostituzione del guado esistente, \u00e8 iniziato a maggio e i lavori procedono al momento senza intoppi: sono gi\u00e0 state realizzate le due nuove pile a sostegno del ponte stesso pi\u00f9 una parte di opere di sistemazione della sponda destra.<\/p>\n<p>L\u2019intervento \u00e8 tra quelli previsti come \u201cmessa in sicurezza\u201d nelle ordinanze regionali di Protezione Civile a seguito dell\u2019alluvione 2010.<\/p>\n<p>\u201cRicordo che durante l\u2019evento del 4 ottobre 2010 l\u2019intera zona \u00e8 stata totalmente interessata dalla piena del Torrente Arrestra &#8211; commenta l\u2019Assessore ai lavori pubblici del Comune di Varazze Luigi Pierfederici &#8211; ed in caso di allerta rossa il transito sul guado originario sarebbe interdetto. La fine dell\u2019intervento, che ha un costo totale di 485.380 euro, quasi totalmente a carico del Comune, \u00e8 prevista entro la fine dell\u2019autunno&#8221;.<\/p>\n<p>&#8220;Altro discorso invece per quel che riguarda la frana che durante gli eventi metereologici del 2014 ha interrotto la viabilit\u00e0 in localit\u00e0 Fonda. Per la sistemazione della strada \u00e8 previsto un intervento complessivo di 850.000 euro diviso in due stralci il primo dei quali \u00e8 intenzione dell\u2019Amministrazione finanziarlo il prima possibile per poter cos\u00ec consentire una riapertura controllata della viabilit\u00e0&#8221;.<\/p>\n<p>&#8220;Nel primo stralcio, che prevede un esborso di circa 350.000 euro, sono previste opere di consolidamento della strada esistente attraverso la realizzazione di terre armate sorrette a loro volta da una massicciata al piede, la realizzazione di una barriera paramassi e un sistema di controllo e monitoraggio in caso di forti piogge&#8221; aggiunge l&#8217;assessore.<\/p>\n<p>L\u2019intervento complessivo, a completamento con il secondo stralcio, prevede in aggiunta la realizzazione di dreni e opere di regimazione delle acque a monte della frana e al di sotto della stessa. Il progetto verr\u00e0 inviato in questi giorni alla Regione Liguria per poter attingere al finanziamento POS-FESR 2014-2020 che consentirebbe al Comune di Varazze di completare le opere e quindi di realizzare il secondo stralcio dal valore di circa 500.000 euro senza ulteriori esborsi.<\/p>\n<p>\u201cSiamo molto soddisfatti delle tempistiche di intervento che abbiamo previsto per sistemare la frana il localit\u00e0 Fonda &#8211; termina l\u2019assessore Pierfederici &#8211; a meno di due anni dall&#8217;evento calamitoso abbiamo un progetto pronto al finanziamento e prevediamo di riaprire nel miglior modo possibile la viabilit\u00e0 in tutta sicurezza. In prima lettura il periodo passato pu\u00f2 sembrare effettivamente eccessivo ma in realt\u00e0 in questi quasi due anni sono stati fatti tutti i rilievi geologici, con inclinometri e pluviometri, preliminari alla realizzazione del progetto, rilievi che hanno avuto la necessit\u00e0 di un periodo di osservazione di alcuni mesi specie in occasione di eventi piovosi significativi\u201d.<\/p>\n","protected":false},"excerpt":{"rendered":"<p>L&#8217;assessore Luigi Pierfederici parla dei lavori di messa in sicurezza e ripristino della viabilit\u00e0<\/p>\n","protected":false},"author":4,"featured_media":0,"comment_status":"open","ping_status":"closed","sticky":false,"template":"","format":"standard","meta":{"footnotes":""},"categories":[45296,31],"tags":[27635,36335],"class_list":["post-388601","post","type-post","status-publish","format-standard","hentry","category-copertina","category-politica","tag-alluvione-varazze","tag-comune-varazze","post_cat_citta-varazze","post_tag_personaggi-luigi-pierfederici"],"amp_validity":null,"amp_enabled":true,"_links":{"self":[{"href":"https:\/\/staging.ivg.it\/ediapi\/wp\/v2\/posts\/388601","targetHints":{"allow":["GET"]}}],"collection":[{"href":"https:\/\/staging.ivg.it\/ediapi\/wp\/v2\/posts"}],"about":[{"href":"https:\/\/staging.ivg.it\/ediapi\/wp\/v2\/types\/post"}],"author":[{"embeddable":true,"href":"https:\/\/staging.ivg.it\/ediapi\/wp\/v2\/users\/4"}],"replies":[{"embeddable":true,"href":"https:\/\/staging.ivg.it\/ediapi\/wp\/v2\/comments?post=388601"}],"version-history":[{"count":0,"href":"https:\/\/staging.ivg.it\/ediapi\/wp\/v2\/posts\/388601\/revisions"}],"wp:attachment":[{"href":"https:\/\/staging.ivg.it\/ediapi\/wp\/v2\/media?parent=388601"}],"wp:term":[{"taxonomy":"category","embeddable":true,"href":"https:\/\/staging.ivg.it\/ediapi\/wp\/v2\/categories?post=388601"},{"taxonomy":"post_tag","embeddable":true,"href":"https:\/\/staging.ivg.it\/ediapi\/wp\/v2\/tags?post=388601"}],"curies":[{"name":"wp","href":"https:\/\/api.w.org\/{rel}","templated":true}]}}