{"id":388363,"date":"2016-07-13T11:14:40","date_gmt":"2016-07-13T09:14:40","guid":{"rendered":"http:\/\/www.ivg.it\/?p=388363"},"modified":"2016-07-13T11:14:40","modified_gmt":"2016-07-13T09:14:40","slug":"savona-si-osa-martedi-corsa","status":"publish","type":"post","link":"https:\/\/staging.ivg.it\/2016\/07\/savona-si-osa-martedi-corsa\/","title":{"rendered":"A Savona si OSA il marted\u00ec di corsa"},"content":{"rendered":"<p><strong>Savona<\/strong>. <strong>Ogni marted\u00ec un centinaio di savonesi si ritrova in piazza Chabrol per correre e camminare <\/strong>in citt\u00e0 e nei dintorni: \u00e8 <strong>l&#8217;appuntamento settimanale di Osa &#8211; Outdoor Savona activity<\/strong> &#8211; organizzato dall&#8217;associazione omonima, guidata da Marco Briano, titolare del negozio Lo Scoiattolo del centro storico.<\/p>\n<p>L&#8217;appuntamento, che \u00e8 al secondo anno, sembra aver davvero colto nel segno il cuore dei savonesi: &#8220;abbiamo cominciato l&#8217;anno scorso, in sordina, con un gruppo di amici: poi l<strong>a voce si \u00e8 sparsa e ora siamo un centinaio ogni settimana<\/strong> &#8211; spiega Marco Briano, mente dell&#8217;organizzazione &#8211; a volte anche di pi\u00f9, soprattutto nella bella stagione&#8221;.<\/p>\n<p>Si cammina e si corre, ciascuno secondo le proprie capacit\u00e0, senza gare e senza eccessi. &#8220;Abbiamo generalmente<strong> tre percorsi e tre ritmi<\/strong> &#8211; racconta Briano prima della partenza &#8211; un running pro, che supera i 10 km, uno pi\u00f9 soft tra i 6 e gli 8 km. Poi c&#8217;\u00e8 la camminata, davvero adatta a tutti&#8221;.<\/p>\n<p>Sport ma anche territorio per Osa: &#8220;lo scopo \u00e8 certo quello di muoversi, fare attivit\u00e0 fisica, ma <strong>vogliamo anche far vivere il territorio<\/strong> &#8211; chiarisce Briano &#8211; met\u00e0 del percorso \u00e8 sempre in citt\u00e0, poi esploriamo anche i dintorni, salendo sui colli e raggiungendo magari Albisola o Legino&#8221;.<\/p>\n<p><strong>Savona di corsa, ma anche natura<\/strong>. Le attivit\u00e0 proseguiranno ogni marted\u00ec, meteo permettendo, fino a fine settembre, quando l&#8217;appuntamento si ridurr\u00e0 solo al running puro, per la stagione invernale. A siglare la chiusura della stagione sar\u00e0<strong> il trail urbano di Savona<\/strong>.<\/p>\n<p>L&#8217;iniziativa, che<strong> \u00e8 completamente gratuita<\/strong>, ha anche <strong>uno scopo di beneficenza<\/strong>: Osa rilascia dietro un&#8217;offerta volontaria i suoi braccialetti &#8211; #chiosanonriposa &#8211; e <strong>tutto il ricavato \u00e8 donato in offerta alla famiglia Patorniti<\/strong> per sostenere le cure delle due bambine.<\/p>\n","protected":false},"excerpt":{"rendered":"<p>Osa prosegue le sue attivit\u00e0 sportive per tutti: running e camminate ogni marted\u00ec, anche per far scoprire gli scorci di Savona<\/p>\n","protected":false},"author":12631,"featured_media":0,"comment_status":"open","ping_status":"closed","sticky":false,"template":"","format":"standard","meta":{"footnotes":""},"categories":[45296,42377,47716,32],"tags":[345,58294,70389,83341],"class_list":["post-388363","post","type-post","status-publish","format-standard","hentry","category-copertina","category-altri-sport","category-atletica-sport","category-sport","tag-corsa","tag-osa","tag-outdoor-savona-activity","tag-running","post_cat_citta-savona"],"amp_validity":null,"amp_enabled":true,"_links":{"self":[{"href":"https:\/\/staging.ivg.it\/ediapi\/wp\/v2\/posts\/388363","targetHints":{"allow":["GET"]}}],"collection":[{"href":"https:\/\/staging.ivg.it\/ediapi\/wp\/v2\/posts"}],"about":[{"href":"https:\/\/staging.ivg.it\/ediapi\/wp\/v2\/types\/post"}],"author":[{"embeddable":true,"href":"https:\/\/staging.ivg.it\/ediapi\/wp\/v2\/users\/12631"}],"replies":[{"embeddable":true,"href":"https:\/\/staging.ivg.it\/ediapi\/wp\/v2\/comments?post=388363"}],"version-history":[{"count":0,"href":"https:\/\/staging.ivg.it\/ediapi\/wp\/v2\/posts\/388363\/revisions"}],"wp:attachment":[{"href":"https:\/\/staging.ivg.it\/ediapi\/wp\/v2\/media?parent=388363"}],"wp:term":[{"taxonomy":"category","embeddable":true,"href":"https:\/\/staging.ivg.it\/ediapi\/wp\/v2\/categories?post=388363"},{"taxonomy":"post_tag","embeddable":true,"href":"https:\/\/staging.ivg.it\/ediapi\/wp\/v2\/tags?post=388363"}],"curies":[{"name":"wp","href":"https:\/\/api.w.org\/{rel}","templated":true}]}}