{"id":388212,"date":"2016-07-11T14:01:05","date_gmt":"2016-07-11T12:01:05","guid":{"rendered":"http:\/\/www.ivg.it\/?p=388212"},"modified":"2016-07-11T14:02:06","modified_gmt":"2016-07-11T12:02:06","slug":"verdi-savonesi-difesa-del-corpo-forestale-dello","status":"publish","type":"post","link":"https:\/\/staging.ivg.it\/2016\/07\/verdi-savonesi-difesa-del-corpo-forestale-dello\/","title":{"rendered":"I Verdi savonesi in difesa del Corpo Forestale dello Stato"},"content":{"rendered":"<p><strong>Savona<\/strong>. Gioved\u00ec scorso, davanti a Capo Noli, abbiamo seguito sul mare le evoluzioni dell&#8217;unico Canadair antincendi, a disposizione immediata, della Liguria. Fortunatamente era solo un&#8217;esercitazione, ma nessuno dimentica i primi gravi incendi che nei primi mesi del 2016 hanno devastato la provincia a Quiliano, Cairo, Spotorno, Capo Mimosa e nel Varazzino.<\/p>\n<p>&#8220;L&#8217;intera nostra regione, da gennaio ad oggi &#8211; spiega Gabriello Castellazzi, portavoce dei Verdi savonesi -, ha gi\u00e0 registrato ben 67 incendi boschivi. L&#8217;assessorato regionale all&#8217;ambiente, con l&#8217;approssimarsi del periodo ferragostano pi\u00f9 critico, ha lanciato una campagna di comunicazioni con cartelloni dedicati, da distribuire in tutti i Comuni, per prevenire nuovi terribili disastri&#8221;.<\/p>\n<p>&#8220;Oggi &#8211; prosegue &#8211; la Liguria pu\u00f2 contare sulla benemerita presenza di 1800 volontari AIB, organizzati capillarmente sul territorio in 76 squadre che agiscono d&#8217;intesa con la Sala Operativa Permanente (ore 24) del Corpo Forestale dello Stato: una collaborazione fondamentale, collaudata nel passato e che non deve essere assolutamente interrotta, anzi potenziata con nuovo personale e mezzi. Ma la situazione sembra evolversi al peggio e peccato che la Giunta regionale (nonostante la posizione assunta recentemente dalle forze politiche che la compongono), nel lanciare la campagna antincendio, non dica nulla relativamente alla volont\u00e0 del Governo Renzi di cancellare proprio il Corpo Forestale dello Stato&#8221;.<\/p>\n<p>Il 5 luglio scorso si \u00e8 tenuta a Roma una grande manifestazione contro l&#8217;accorpamento e la militarizzazione forzata del Corpo Forestale nell&#8217;Arma dei carabinieri.<\/p>\n<p>&#8220;La posizione dei Verdi &#8211; dice Castellazzi &#8211; \u00e8 stata espressa alcuni mesi fa da Angelo Bonelli; posizione che noi Verdi savonesi ribadiamo oggi: la soppressione del Corpo Forestale dello Stato \u00e8 un regalo alle ecomafie che stanno distruggendo il Paese, in quanto \u00e8 la forza di polizia che maggiormente si occupa di ambiente e che ha raggiunto livelli di professionalit\u00e0 e di specializzazione altissimi, come ha dimostrato l&#8217;impegno nella &#8216;terra di fuochi&#8217;, nella difesa della biodiversit\u00e0 e nella tutela delle aree protette&#8221;.<\/p>\n<p>Anche per Legambiente, Greepeace e Libera eliminare il Corpo Forestale dello Stato equivale a depotenziare la tutela dell&#8217;ambiente. &#8220;In Italia &#8211; conclude il portavoce dei Verdi &#8211; la provincia di Savona \u00e8 quella, in percentuale, con il pi\u00f9 esteso patrimonio boschivo: un bene vitale che caratterizza lo splendido paesaggio e che \u00e8, nello stesso tempo, essenziale per frenare il dissesto idrogeologico impedendo le alluvioni&#8221;.<\/p>\n","protected":false},"excerpt":{"rendered":"<p>Gabriello Castellazzi: &#8220;Sopprimerlo \u00e8 un regalo alle ecomafie che stanno distruggendo il Paese&#8221;<\/p>\n","protected":false},"author":18,"featured_media":0,"comment_status":"open","ping_status":"closed","sticky":false,"template":"","format":"standard","meta":{"footnotes":""},"categories":[56],"tags":[106,6993,499],"class_list":["post-388212","post","type-post","status-publish","format-standard","hentry","category-altre","tag-ambiente","tag-corpo-forestale-dello-stato","tag-verdi","post_cat_citta-provincia","post_tag_personaggi-gabriello-castellazzi"],"amp_validity":null,"amp_enabled":true,"_links":{"self":[{"href":"https:\/\/staging.ivg.it\/ediapi\/wp\/v2\/posts\/388212","targetHints":{"allow":["GET"]}}],"collection":[{"href":"https:\/\/staging.ivg.it\/ediapi\/wp\/v2\/posts"}],"about":[{"href":"https:\/\/staging.ivg.it\/ediapi\/wp\/v2\/types\/post"}],"author":[{"embeddable":true,"href":"https:\/\/staging.ivg.it\/ediapi\/wp\/v2\/users\/18"}],"replies":[{"embeddable":true,"href":"https:\/\/staging.ivg.it\/ediapi\/wp\/v2\/comments?post=388212"}],"version-history":[{"count":0,"href":"https:\/\/staging.ivg.it\/ediapi\/wp\/v2\/posts\/388212\/revisions"}],"wp:attachment":[{"href":"https:\/\/staging.ivg.it\/ediapi\/wp\/v2\/media?parent=388212"}],"wp:term":[{"taxonomy":"category","embeddable":true,"href":"https:\/\/staging.ivg.it\/ediapi\/wp\/v2\/categories?post=388212"},{"taxonomy":"post_tag","embeddable":true,"href":"https:\/\/staging.ivg.it\/ediapi\/wp\/v2\/tags?post=388212"}],"curies":[{"name":"wp","href":"https:\/\/api.w.org\/{rel}","templated":true}]}}