{"id":38702,"date":"2008-10-25T17:23:09","date_gmt":"2008-10-25T15:23:09","guid":{"rendered":"http:\/\/www.ivg.it\/2008\/10\/25\/provincia-mozione-pd-si-del-prc-ma-con-riserve\/"},"modified":"2008-10-27T12:52:50","modified_gmt":"2008-10-27T10:52:50","slug":"provincia-mozione-pd-si-del-prc-ma-con-riserve","status":"publish","type":"post","link":"https:\/\/staging.ivg.it\/2008\/10\/provincia-mozione-pd-si-del-prc-ma-con-riserve\/","title":{"rendered":"Provincia, mozione PD: s\u00ec del Prc, ma con riserve"},"content":{"rendered":"<p><strong>[thumb:9097:l]Provincia.<\/strong> Sulla seduta del consiglio provinciale del prossimo 30 ottobre interviene il segretario provinciale di Rifondazione Comunista Marco Ravera, che annuncia la linea politica del suo partito. Il 30 ottobre, infatti, sar\u00e0 messa in votazione una mozione programmatica, fortemente voluta dal Partito Democratico e accettata anche dai Comunisti Italiani e Sinistra Democratica, incentrata sulla variante al Piano provinciale dei rifuti con particolare riferimento alla discarica in localit\u00e0 Passeggi a Savona.<\/p>\n<p>&#8220;Il nostro partito non ha sottoscritto quella mozione per due motivazioni chiare e semplici riguardanti il metodo e il merito dell&#8217;iniziativa &#8211; afferma Ravera -. Primo. Non abbiamo mai condiviso il percorso suggerito dal PD perch\u00e9 lo abbiamo sempre considerato poco lineare. Se si considera l&#8217;esperienza finita perch\u00e9 non assumersi la responsabilit\u00e0 e preparare una mozione di sfiducia? Secondo. Quella mozione non affronta il complesso del problema rifiuti&#8221;.<\/p>\n<p>E se da un lato Rifondazione annuncia il suo voto favorevole, dall&#8217;altro non nasconde le sue perplessit\u00e0 sul futuro della giunta Bertolotto e sulla necessit\u00e0 di proseguire a tutti i costi con il mandato amministrativo: &#8220;Con il voto del prossimo Consiglio potrebbero verificarsi i seguenti scenari &#8211; prosegue Ravera -: la mozione passa con il voto di Bertolotto, ma la convivenza sarebbe per noi comunque improbabile; la mozione passa senza il voto di Bertolotto. Come pu\u00f2 esistere una maggioranza senza il voto del suo Presidente? La mozione non passa. L&#8217;attuale maggioranza non esiste pi\u00f9, ma il Presidente potrebbe trovarne una diversa in Consiglio&#8221;.<\/p>\n<p>&#8220;Il prossimo 30 ottobre rischiamo, quindi &#8211; conclude il segretario di Rifondazione -, di avere un Presidente senza maggioranza o una maggioranza senza Presidente. In ogni caso soluzioni &#8220;pasticciate&#8221; e a queste io preferisco avere soluzioni chiare e trasparenti&#8221;.<\/p>\n","protected":false},"excerpt":{"rendered":"<p>[thumb:9097:l]Provincia. Sulla seduta del consiglio provinciale del prossimo 30 ottobre interviene il segretario provinciale di Rifondazione Comunista Marco Ravera, che annuncia la linea politica del suo partito. Il 30 ottobre, infatti, sar\u00e0 messa in votazione una mozione programmatica, fortemente voluta dal Partito Democratico e accettata anche dai Comunisti Italiani e Sinistra Democratica, incentrata sulla variante [&hellip;]<\/p>\n","protected":false},"author":4,"featured_media":0,"comment_status":"open","ping_status":"closed","sticky":false,"template":"","format":"standard","meta":{"footnotes":""},"categories":[31],"tags":[3087,197,1722,576],"class_list":["post-38702","post","type-post","status-publish","format-standard","hentry","category-politica","tag-consiglio-provinciale","tag-pd","tag-ravera","tag-rifondazione","post_cat_citta-andora","post_cat_citta-savona"],"amp_validity":null,"amp_enabled":true,"_links":{"self":[{"href":"https:\/\/staging.ivg.it\/ediapi\/wp\/v2\/posts\/38702","targetHints":{"allow":["GET"]}}],"collection":[{"href":"https:\/\/staging.ivg.it\/ediapi\/wp\/v2\/posts"}],"about":[{"href":"https:\/\/staging.ivg.it\/ediapi\/wp\/v2\/types\/post"}],"author":[{"embeddable":true,"href":"https:\/\/staging.ivg.it\/ediapi\/wp\/v2\/users\/4"}],"replies":[{"embeddable":true,"href":"https:\/\/staging.ivg.it\/ediapi\/wp\/v2\/comments?post=38702"}],"version-history":[{"count":0,"href":"https:\/\/staging.ivg.it\/ediapi\/wp\/v2\/posts\/38702\/revisions"}],"wp:attachment":[{"href":"https:\/\/staging.ivg.it\/ediapi\/wp\/v2\/media?parent=38702"}],"wp:term":[{"taxonomy":"category","embeddable":true,"href":"https:\/\/staging.ivg.it\/ediapi\/wp\/v2\/categories?post=38702"},{"taxonomy":"post_tag","embeddable":true,"href":"https:\/\/staging.ivg.it\/ediapi\/wp\/v2\/tags?post=38702"}],"curies":[{"name":"wp","href":"https:\/\/api.w.org\/{rel}","templated":true}]}}