{"id":386719,"date":"2016-06-22T10:26:50","date_gmt":"2016-06-22T08:26:50","guid":{"rendered":"http:\/\/www.ivg.it\/?p=386719"},"modified":"2016-06-22T10:29:41","modified_gmt":"2016-06-22T08:29:41","slug":"calcio-carcare-sta-nascere-nuova-societa","status":"publish","type":"post","link":"https:\/\/staging.ivg.it\/2016\/06\/calcio-carcare-sta-nascere-nuova-societa\/","title":{"rendered":"Calcio, a Carcare sta per nascere una nuova societ\u00e0"},"content":{"rendered":"<p><strong>Carcare<\/strong> nella prossima stagione sportiva potrebbe avere <strong>due squadre nel campionato di Seconda Categoria.<\/strong> Dovrebbe presto nascere una nuova societ\u00e0, che si chiamer\u00e0<strong> Carcarese Calcio 2016.<\/strong><\/p>\n<p>Ieri sera i presenti alla riunione alla Soms, in sostanza, hanno detto agli imprenditori che volevano <strong>rilevare l&#8217;Olimpia Carcarese esistente<\/strong>, ma non riusciti a proseguire in tale intento.<\/p>\n<p>Si tratta di Franco Bertone, Daniele Castiglia, Roberto Cirio, Mario Bonino e Adriano Delfino. Il progetto societario \u00e8 di <strong>puntare sul settore giovanile per riportare i bambini di Carcare a giocare a Carcare e di portare la prima squadra in Promozione nel giro di tre anni.<\/strong><\/p>\n<p>Si \u00e8 parlato anche di una sorta di azionariato popolare perch\u00e9 &#8220;la Carcarese \u00e8 e deve rimanere dei carcaresi&#8221;. C&#8217;\u00e8 da risolvere il problema del campo che \u00e8 stato concesso dal Comune all&#8217;attuale societ\u00e0 fino al 31 dicembre 2016.<\/p>\n","protected":false},"excerpt":{"rendered":"<p>Oltre all&#8217;Olimpia, ecco la Carcarese Calcio 2016<\/p>\n","protected":false},"author":18,"featured_media":0,"comment_status":"open","ping_status":"closed","sticky":false,"template":"","format":"standard","meta":{"footnotes":""},"categories":[45296,32],"tags":[85989,86568,450],"class_list":["post-386719","post","type-post","status-publish","format-standard","hentry","category-copertina","category-sport","tag-calcio","tag-carcarese-calcio-2016","tag-seconda-categoria","post_cat_citta-carcare","post_tag_personaggi-adriano-delfino","post_tag_personaggi-daniele-castiglia","post_tag_personaggi-franco-bertone","post_tag_personaggi-mario-bonino","post_tag_personaggi-roberto-cirio"],"amp_validity":null,"amp_enabled":true,"_links":{"self":[{"href":"https:\/\/staging.ivg.it\/ediapi\/wp\/v2\/posts\/386719","targetHints":{"allow":["GET"]}}],"collection":[{"href":"https:\/\/staging.ivg.it\/ediapi\/wp\/v2\/posts"}],"about":[{"href":"https:\/\/staging.ivg.it\/ediapi\/wp\/v2\/types\/post"}],"author":[{"embeddable":true,"href":"https:\/\/staging.ivg.it\/ediapi\/wp\/v2\/users\/18"}],"replies":[{"embeddable":true,"href":"https:\/\/staging.ivg.it\/ediapi\/wp\/v2\/comments?post=386719"}],"version-history":[{"count":0,"href":"https:\/\/staging.ivg.it\/ediapi\/wp\/v2\/posts\/386719\/revisions"}],"wp:attachment":[{"href":"https:\/\/staging.ivg.it\/ediapi\/wp\/v2\/media?parent=386719"}],"wp:term":[{"taxonomy":"category","embeddable":true,"href":"https:\/\/staging.ivg.it\/ediapi\/wp\/v2\/categories?post=386719"},{"taxonomy":"post_tag","embeddable":true,"href":"https:\/\/staging.ivg.it\/ediapi\/wp\/v2\/tags?post=386719"}],"curies":[{"name":"wp","href":"https:\/\/api.w.org\/{rel}","templated":true}]}}