{"id":386280,"date":"2016-06-17T10:25:03","date_gmt":"2016-06-17T08:25:03","guid":{"rendered":"http:\/\/www.ivg.it\/?p=386280"},"modified":"2016-06-17T13:12:33","modified_gmt":"2016-06-17T11:12:33","slug":"savona-2016-vaccarezza-fuga-dubbi-santi-sara-primo-assessore-forza-italia","status":"publish","type":"post","link":"https:\/\/staging.ivg.it\/2016\/06\/savona-2016-vaccarezza-fuga-dubbi-santi-sara-primo-assessore-forza-italia\/","title":{"rendered":"Savona 2016, Vaccarezza fuga i dubbi: &#8220;Santi sar\u00e0 il primo assessore di Forza Italia&#8221;"},"content":{"rendered":"<p><strong>Savona.<\/strong> &#8220;Non capisco da dove escano queste voci, completamente infondate. E per di pi\u00f9 perch\u00e9 attribuite a presunte &#8216;frizioni&#8217; con me. <strong>Lo garantisco nel modo pi\u00f9 assoluto: Piero Santi sar\u00e0 assessore<\/strong>&#8220;. Musica e parole di <strong>Angelo Vaccarezza<\/strong>, che mette cos\u00ec a tacere le indiscrezioni secondo cui il pi\u00f9 votato del centrodestra (ma anche in assoluto) alle ultime elezioni sarebbe rimasto fuori dalla giunta in caso di vittoria di Ilaria Caprioglio.<\/p>\n<p><strong>Voci che si erano inseguite nei &#8220;corridoi&#8221; della politica negli ultimi giorni<\/strong>, e che sembravano in parte suffragate dalle dichiarazioni di Caprioglio durante il &#8220;Duello&#8221; contro Cristina Battaglia organizzato da IVG.it. In quell&#8217;occasione la candidata sindaco aveva selezionato cinque collaboratori, e tra questi non c&#8217;era Santi (&#8220;Non poteva venire&#8221;, ha spiegato): a precisa domanda sul possibile assessorato di quest&#8217;ultimo, si era limitata a replicare che avrebbe scelto &#8220;anche fra i pi\u00f9 votati. E ho detto &#8216;fra&#8217;, mi raccomando l&#8217;italiano&#8221;.<\/p>\n<p>Frase sibillina che da qualcuno era stata interpretata come una conferma del &#8220;siluramento&#8221; di Santi (&#8220;fra&#8221; i pi\u00f9 votati, non &#8220;i&#8221; pi\u00f9 votati). Tanto che <strong>era gi\u00e0 nata la teoria alternativa, ossia che per lui fosse gi\u00e0 pronto il posto di presidente del consiglio comunale<\/strong> (un &#8220;contentino&#8221; che per\u00f2 difficilmente sarebbe andato gi\u00f9 al navigato politico).<\/p>\n<p>A fugare ogni incertezza interviene ora Angelo Vaccarezza, deus ex machina di Forza Italia: &#8220;Abbiamo costituito una lista politica che ha ottenuto un risultato straordinario &#8211; spiega &#8211; basta confrontarlo con i voti ottenuti un anno fa alle regionali dai singoli partiti. <strong>In questa lista c&#8217;\u00e8 una persona che ha fatto un risultato pi\u00f9 che straordinario, e si chiama Piero Santi<\/strong>&#8220;.<\/p>\n<p>&#8220;Se Caprioglio sar\u00e0 sindaco, e io sono certo che accadr\u00e0 &#8211; afferma l&#8217;ex presidente della Provincia &#8211; <strong>Piero Santi far\u00e0 sicuramente parte della sua giunta<\/strong>. In primo luogo perch\u00e9 Caprioglio lo stima, e questo lo so personalmente; in secondo luogo perch\u00e9 <strong>come Forza Italia vogliamo essere rappresentati in quella giunta con almeno un assessore, e quel posto \u00e8 di Santi di diritto<\/strong>&#8220;.<\/p>\n<p>&#8220;Non metto limiti al resto &#8211; aggiunge Vaccarezza &#8211; se avremo pi\u00f9 di un assessore valuteremo gli altri nomi, cos\u00ec come lasceremo al sindaco libert\u00e0 sulle deleghe. Ma <strong>siamo sereni, nel modo pi\u00f9 assoluto, sul fatto che Santi sar\u00e0 il primo assessore del nostro partito<\/strong>. C&#8217;\u00e8 solo una possibilit\u00e0 perch\u00e9 non lo sia: che lui stesso non lo voglia. E soltanto in quel caso&#8221;.<\/p>\n","protected":false},"excerpt":{"rendered":"<p>Messe a tacere le voci di un possibile &#8220;siluramento&#8221;: &#8220;Il nostro partito sar\u00e0 rappresentato da almeno un assessore, e sar\u00e0 lui&#8221;<\/p>\n","protected":false},"author":10593,"featured_media":0,"comment_status":"open","ping_status":"closed","sticky":false,"template":"","format":"standard","meta":{"footnotes":""},"categories":[45296,31],"tags":[72913],"class_list":["post-386280","post","type-post","status-publish","format-standard","hentry","category-copertina","category-politica","tag-savona-2016","post_cat_citta-savona","post_tag_personaggi-angelo-vaccarezza","post_tag_personaggi-pietro-santi"],"amp_validity":null,"amp_enabled":true,"_links":{"self":[{"href":"https:\/\/staging.ivg.it\/ediapi\/wp\/v2\/posts\/386280","targetHints":{"allow":["GET"]}}],"collection":[{"href":"https:\/\/staging.ivg.it\/ediapi\/wp\/v2\/posts"}],"about":[{"href":"https:\/\/staging.ivg.it\/ediapi\/wp\/v2\/types\/post"}],"author":[{"embeddable":true,"href":"https:\/\/staging.ivg.it\/ediapi\/wp\/v2\/users\/10593"}],"replies":[{"embeddable":true,"href":"https:\/\/staging.ivg.it\/ediapi\/wp\/v2\/comments?post=386280"}],"version-history":[{"count":0,"href":"https:\/\/staging.ivg.it\/ediapi\/wp\/v2\/posts\/386280\/revisions"}],"wp:attachment":[{"href":"https:\/\/staging.ivg.it\/ediapi\/wp\/v2\/media?parent=386280"}],"wp:term":[{"taxonomy":"category","embeddable":true,"href":"https:\/\/staging.ivg.it\/ediapi\/wp\/v2\/categories?post=386280"},{"taxonomy":"post_tag","embeddable":true,"href":"https:\/\/staging.ivg.it\/ediapi\/wp\/v2\/tags?post=386280"}],"curies":[{"name":"wp","href":"https:\/\/api.w.org\/{rel}","templated":true}]}}