{"id":386047,"date":"2016-06-14T17:41:39","date_gmt":"2016-06-14T15:41:39","guid":{"rendered":"http:\/\/www.ivg.it\/?p=386047"},"modified":"2016-06-14T18:34:31","modified_gmt":"2016-06-14T16:34:31","slug":"duello-confronto-le-squadre-battaglia-caprioglio-sara","status":"publish","type":"post","link":"https:\/\/staging.ivg.it\/2016\/06\/duello-confronto-le-squadre-battaglia-caprioglio-sara\/","title":{"rendered":"&#8220;Il Duello&#8221;: confronto tra le squadre di Battaglia e Caprioglio, ecco come sar\u00e0"},"content":{"rendered":"<p><strong>Savona.<\/strong>\u00a0Due candidate, cinque collaboratori per parte, quattro &#8220;minoranze&#8221; pronte a pungere, un&#8217;arena affollata da oltre 400 persone,\u00a0un&#8217;ora e mezza abbondante di domande serrate sulle competenze e sul programma operativo dei primi tre mesi di governo: ecco gli ingredienti del &#8220;Duello&#8221; organizzato dia IVG.it che domani sera alle 20.30, presso l&#8217;anfiteatro accanto al Tribunale savonese, vedr\u00e0 contrapposte Cristina Battaglia e Ilaria Caprioglio.<\/p>\n<p>A 24 ore dall&#8217;evento, \u00e8 il momento di rendere pubblica la struttura e le regole della serata.<\/p>\n<p><strong>LE SQUADRE.<\/strong><\/p>\n<p>Entrambe le contendenti potranno\u00a0portare dei <strong>collaboratori, massimo 5<\/strong>, per comporre una &#8220;squadra&#8221; in grado di coprire il pi\u00f9 possibile gli argomenti che saranno al centro del dibattito. Ogni candidata potr\u00e0 consultarsi con loro, &#8220;alla luce del sole&#8221;, in qualsiasi momento, e potr\u00e0 anche delegare uno dei collaboratori (ma uno soltanto) per rispondere al suo posto.<\/p>\n<p><strong>Sulla composizione delle due squadre vige ancora il pi\u00f9 stretto riserbo<\/strong>. Dai due team trapela ben poche indiscrezioni: Ilaria Caprioglio pare intenzionata ad avvalersi di tutti e cinque gli &#8220;slot&#8221; disponibili (e non sono escluse sorprese), mentre secondo i soliti &#8220;ben informati&#8221; Battaglia potrebbe decidere di affidarsi ad un paio di figure &#8220;tecniche&#8221; e basta. Ma si tratta di semplici congetture, di voci: le persone scelte\u00a0dalle candidate saranno rese pubbliche (anche alla redazione) soltanto domani sera, e <strong>potrebbe trattarsi di indizi decisivi per capire la composizione della prossima giunta comunale.<\/strong><\/p>\n<p><strong>LE REGOLE.<\/strong><\/p>\n<p>Prima dell&#8217;inizio della serata verranno raccolte le domande del pubblico, in forma scritta, grazie ad appositi fogli distribuiti ai presenti. Quindi, dopo le presentazioni di rito, inizier\u00e0 la serata.<\/p>\n<p>A turno ogni candidata potr\u00e0 scegliere <strong>da chi ricevere la domanda: dalla redazione<\/strong> (selezionando l&#8217;argomento da una lista), <strong>dal pubblico<\/strong> (estraendo\u00a0a sorte dalle domande raccolte all&#8217;inizio) <strong>o dalle minoranze<\/strong> (indicando di volta in volta da quale avversario). L&#8217;ordine di scelta sar\u00e0 alternato, cos\u00ec come quello di risposta.<\/p>\n<p><strong>Non esister\u00e0 alcun limite di tempo nelle risposte. Anche le repliche saranno illimitate<\/strong>, ma potr\u00e0 replicare solo la candidata ed (eventualmente) il collaboratore che ha inizialmente risposto alla domanda. Non sar\u00e0 consentito interrompere l&#8217;avversario.<\/p>\n<p>Non ci sar\u00e0 limite al numero di domande; la serata si concluder\u00e0 in ogni caso intorno alle 22.30.<\/p>\n<p><strong>LE MINORANZE.<\/strong><\/p>\n<p>Tra i possibili &#8220;bacini&#8221; a cui attingere per ricevere le domande, ci saranno alcuni esponenti delle\u00a0minoranze, in rappresentanza dei rispettivi elettorati &#8220;da convincere&#8221; in vista del ballottaggio.<\/p>\n<p><strong>&#8220;Rete a Sinistra&#8221;<\/strong> sar\u00e0 rappresentata da Marco Ravera e Marco Lima; <strong>&#8220;Savona Bella&#8221;<\/strong> da Giampiero Aschiero, Maria Mottolo e Agostino Grasso; <strong>&#8220;Siamo Italiani di Savona&#8221;<\/strong> da Carlo Frumento, Fabrizio Biale e Massimo Anselmi; il <strong>Partito Comunista dei Lavoratori<\/strong> da Giorgio Barisone, Laura Sergi e Ulderico Vergnano.<\/p>\n<p><strong>&#8220;Noi per Savona&#8221; e MoVimento 5 Stelle hanno deciso di non essere presenti al dibattito<\/strong>. Alla base della loro scelta l&#8217;accusa, ad entrambe le candidate, di non essere &#8220;credibili&#8221;: inutile quindi, secondo i due schieramenti, fare loro domande.<\/p>\n<p><strong>IL PUNTEGGIO.<\/strong><\/p>\n<p>Ogni risposta durante la serata potr\u00e0 concorrere alla formazione di un &#8220;punteggio&#8221; che, giocosamente, andr\u00e0 a simulare l&#8217;esito del ballottaggio.<\/p>\n<p><strong>Il 50% di questo punteggio sar\u00e0 assegnato dal pubblico<\/strong>, sia quello presente nell&#8217;arena che quello a casa (il dibattito sar\u00e0 trasmesso in diretta sulla pagina Facebook di IVG). Si potr\u00e0 esprimere il proprio voto attraverso i social network, utilizzando\u00a0due differenti &#8220;reactions&#8221; a determinati post sulla pagina di IVG.<\/p>\n<p><strong>Il 25% del punteggio sar\u00e0 assegnato dalle minoranze<\/strong>, con una proporzione\u00a0che ricalcher\u00e0 a grandi linee il risultato del primo turno: Rete a Sinistra assegner\u00e0 quindi l&#8217;11%, &#8220;Savona Bella&#8221; il 6%, mentre il consenso di &#8220;Siamo Italiani di Savona&#8221; varr\u00e0 il 5% e quello del PCL il 3%.<\/p>\n<p><strong>Il restante 25% del punteggio sar\u00e0 &#8220;conquistato&#8221; dalle candidate rispondendo correttamente alle domande della redazione<\/strong>,\u00a0che verteranno sugli argomenti volta in volta selezionati.<\/p>\n<div class=\"single-img-content-container fullwidth-single shortcode standard\">\n    <div class=\"image_container\" style=\"text-align: center;\">\n        <picture class=\" lazyload\"><img loading=\"lazy\" class=\"lazy\" data-srcset=\"https:\/\/www.ivg.it\/photogallery_new\/images\/2016\/06\/anfiteatro-tribunale-savona-345624.jpg 1024w, https:\/\/www.ivg.it\/photogallery_new\/images\/2016\/06\/anfiteatro-tribunale-savona-345624.jpg 970w, https:\/\/www.ivg.it\/photogallery_new\/images\/2016\/06\/anfiteatro-tribunale-savona-345624.jpg 660w, https:\/\/www.ivg.it\/photogallery_new\/images\/2016\/06\/anfiteatro-tribunale-savona-345624.jpg 316w, https:\/\/www.ivg.it\/photogallery_new\/images\/2016\/06\/anfiteatro-tribunale-savona-345624.jpg 150w\"  data-src=\"https:\/\/www.ivg.it\/photogallery_new\/images\/2016\/06\/anfiteatro-tribunale-savona-345624.jpg\" alt=\"anfiteatro tribunale savona\" \/><\/picture>\r\n\n    <\/div>\n    <\/div>\n\n<p><strong>LA LOCATION.<\/strong><\/p>\n<p>Per questo dibattito\u00a0abbiamo scelto l&#8217;<strong>anfiteatro situato nei pressi del Tribunale<\/strong> di Savona:<strong> un luogo di cui ben pochi savonesi conoscono l&#8217;esistenza, e che non ha nemmeno un nome.<\/strong> Eppure si tratta di <strong>un&#8217;arena da circa\u00a0400 posti, in pieno centro, a 20 metri dal parcheggio pi\u00f9 grande di Savona<\/strong>. Lo abbiamo scelto come &#8220;teatro&#8221; dell&#8217;evento per <strong>riqualificare un luogo inutilizzato<\/strong>, e per passare un messaggio: se \u00e8 un anfiteatro, allora che sia valorizzato date le potenzialit\u00e0; se invece non lo \u00e8 (in molti lo considerano brutto), allora venga chiuso o modificato, dato che <strong>ad oggi viene frequentato solo da chi &#8220;bigia&#8221; la scuola o, peggio, cerca un posto isolato e &#8220;invisibile&#8221; per abusare di alcol e droga.<\/strong><\/p>\n<p>In caso di pioggia l&#8217;evento verr\u00e0 spostato in piazza Rebagliati, presso la Sala Chiamata del porto.<\/p>\n<p>Come nel caso del dibattito al Chiabrera \u00e8 possibile prenotare in anticipo il proprio posto (per avere garanzia di sedersi) utilizzando il modulo sottostante (massimo 2 posti nominativi per ogni indirizzo mail).<\/p>\n<div style=\"width: 100%; text-align: left;\">\n<p><iframe loading=\"lazy\" src=\"\/\/eventbrite.com\/tickets-external?eid=25956204707&amp;ref=etckt\" width=\"100%\" height=\"214\" frameborder=\"0\" marginwidth=\"5\" marginheight=\"5\" scrolling=\"auto\"><\/iframe><\/p>\n<div style=\"font-family: Helvetica, Arial; font-size: 10px; padding: 5px 0 5px; margin: 2px; width: 100%; text-align: left;\"><a class=\"powered-by-eb\" style=\"color: #dddddd; text-decoration: none;\" href=\"http:\/\/www.eventbrite.com\/r\/etckt\" target=\"_blank\">Con tecnologia Eventbrite<\/a><\/div>\n<\/div>\n","protected":false},"excerpt":{"rendered":"<p>I due team risponderanno alle domande serrate della redazione, del pubblico e delle minoranze, in un format molto legato alla partecipazione social<\/p>\n","protected":false},"author":10593,"featured_media":0,"comment_status":"open","ping_status":"closed","sticky":false,"template":"","format":"standard","meta":{"footnotes":""},"categories":[45296,31],"tags":[85679,77365],"class_list":["post-386047","post","type-post","status-publish","format-standard","hentry","category-copertina","category-politica","tag-ballottaggio-savona","tag-elezioni-amministrative-2016","post_cat_citta-savona","post_tag_personaggi-cristina-battaglia","post_tag_personaggi-ilaria-caprioglio"],"amp_validity":null,"amp_enabled":true,"_links":{"self":[{"href":"https:\/\/staging.ivg.it\/ediapi\/wp\/v2\/posts\/386047","targetHints":{"allow":["GET"]}}],"collection":[{"href":"https:\/\/staging.ivg.it\/ediapi\/wp\/v2\/posts"}],"about":[{"href":"https:\/\/staging.ivg.it\/ediapi\/wp\/v2\/types\/post"}],"author":[{"embeddable":true,"href":"https:\/\/staging.ivg.it\/ediapi\/wp\/v2\/users\/10593"}],"replies":[{"embeddable":true,"href":"https:\/\/staging.ivg.it\/ediapi\/wp\/v2\/comments?post=386047"}],"version-history":[{"count":0,"href":"https:\/\/staging.ivg.it\/ediapi\/wp\/v2\/posts\/386047\/revisions"}],"wp:attachment":[{"href":"https:\/\/staging.ivg.it\/ediapi\/wp\/v2\/media?parent=386047"}],"wp:term":[{"taxonomy":"category","embeddable":true,"href":"https:\/\/staging.ivg.it\/ediapi\/wp\/v2\/categories?post=386047"},{"taxonomy":"post_tag","embeddable":true,"href":"https:\/\/staging.ivg.it\/ediapi\/wp\/v2\/tags?post=386047"}],"curies":[{"name":"wp","href":"https:\/\/api.w.org\/{rel}","templated":true}]}}