{"id":38379,"date":"2008-10-22T14:34:43","date_gmt":"2008-10-22T12:34:43","guid":{"rendered":"http:\/\/www.ivg.it\/?p=38379"},"modified":"2008-10-23T10:59:56","modified_gmt":"2008-10-23T08:59:56","slug":"liguria-burlando-un-dato-positivo-il-marketing-territoriale","status":"publish","type":"post","link":"https:\/\/staging.ivg.it\/2008\/10\/liguria-burlando-un-dato-positivo-il-marketing-territoriale\/","title":{"rendered":"Liguria, Burlando: &#8220;Un dato positivo il marketing territoriale&#8221;"},"content":{"rendered":"<p><strong>[thumb:2790:l]Liguria.<\/strong> Un quadro positivo dei risultati dell&#8217;attivit\u00e0 di marketing territoriale compiuta dalla Regione e da Filse negli ultimi tre anni e mezzo. E&#8217; quanto ha dichiarato questa mattina il presidente Burlando, durante la presentazione del bilancio dell&#8217;attivit\u00e0 della finanziaria regionale dal 2003 al 2007. &#8220;In questi tre anni e mezzo &#8211; ha detto Burlando &#8211; siamo riusciti a portare in Liguria Ericsson, Maersk ha portato ai Magazzini del Cotone un pezzo della P&amp;O e insedier\u00e0 la sua piattaforma a Vado Ligure, che bene ha fatto ad accoglierla&#8221;.<\/p>\n<p>&#8220;In questa regione &#8211; ha ribadito il presidente &#8211; si \u00e8 puntato molto sul consolidamento delle attivit\u00e0 tradizionali, perch\u00e9 non abbiamo creduto all&#8217;idea che si potesse crescere senza produrre. Grazie a ci\u00f2 l&#8217;occupazione ligure \u00e8 cresciuta negli ultimi anni di 12.000 unit\u00e0, sia nel settore primario che in quello secondario. Ma abbiamo faticato a percorrere questa strada difendendo, ad esempio, la produzione pulita nel settore dell&#8217;acciaio. Non \u00e8 per\u00f2 un caso che la Liguria stia tenendo in un momento di crisi come questo, perch\u00e9 ha scelto di ancorarsi alla vecchia industria&#8221;.<\/p>\n<p>Il presidente ha poi continuato spiegando che nelle varie province sono stati individuati nuovi spazi, in precedenza dismessi, per l&#8217;insediamento di nuove attivit\u00e0. In particolare nel Savonese \u00e8 in via di ultimazione la bonifica delle ex aree Acna: &#8220;Vogliamo fare un accordo con Eni insieme alla Regione Piemonte &#8211; ha detto Burlando &#8211; per evitare una causa sul danno ambientale che si trascinerebbe per anni, prevedendo invece la completa bonifica e infrastrutturazione del sito&#8221;.<\/p>\n<p>Il presidente della Regione ha ricordato che partiranno nelle prossime settimane i bandi per l&#8217;utilizzo dei fondi europei per lo sviluppo regionale, secondo una logica non pi\u00f9 di coesione, ma di competitivit\u00e0. &#8220;Da questi fondi &#8211; ha concluso il governatore ligure &#8211; deriveranno i finanziamenti alle imprese per operazioni di ristrutturazione e di sviluppo, tra cui i 12 milioni per Ferrania vincolati al progetto di piattaforma tecnologica e al laminatoio e 9 milioni e mezzo per Ericsson&#8221;.<\/p>\n","protected":false},"excerpt":{"rendered":"<p>[thumb:2790:l]Liguria. Un quadro positivo dei risultati dell&#8217;attivit\u00e0 di marketing territoriale compiuta dalla Regione e da Filse negli ultimi tre anni e mezzo. E&#8217; quanto ha dichiarato questa mattina il presidente Burlando, durante la presentazione del bilancio dell&#8217;attivit\u00e0 della finanziaria regionale dal 2003 al 2007. &#8220;In questi tre anni e mezzo &#8211; ha detto Burlando &#8211; [&hellip;]<\/p>\n","protected":false},"author":1385,"featured_media":0,"comment_status":"open","ping_status":"closed","sticky":false,"template":"","format":"standard","meta":{"footnotes":""},"categories":[31],"tags":[284,85992,408,2876,1911,295],"class_list":["post-38379","post","type-post","status-publish","format-standard","hentry","category-politica","tag-claudio-burlando","tag-ferrania","tag-fondi","tag-marketing","tag-piattaforma-maersk","tag-regione","post_cat_citta-andora"],"amp_validity":null,"amp_enabled":true,"_links":{"self":[{"href":"https:\/\/staging.ivg.it\/ediapi\/wp\/v2\/posts\/38379","targetHints":{"allow":["GET"]}}],"collection":[{"href":"https:\/\/staging.ivg.it\/ediapi\/wp\/v2\/posts"}],"about":[{"href":"https:\/\/staging.ivg.it\/ediapi\/wp\/v2\/types\/post"}],"author":[{"embeddable":true,"href":"https:\/\/staging.ivg.it\/ediapi\/wp\/v2\/users\/1385"}],"replies":[{"embeddable":true,"href":"https:\/\/staging.ivg.it\/ediapi\/wp\/v2\/comments?post=38379"}],"version-history":[{"count":0,"href":"https:\/\/staging.ivg.it\/ediapi\/wp\/v2\/posts\/38379\/revisions"}],"wp:attachment":[{"href":"https:\/\/staging.ivg.it\/ediapi\/wp\/v2\/media?parent=38379"}],"wp:term":[{"taxonomy":"category","embeddable":true,"href":"https:\/\/staging.ivg.it\/ediapi\/wp\/v2\/categories?post=38379"},{"taxonomy":"post_tag","embeddable":true,"href":"https:\/\/staging.ivg.it\/ediapi\/wp\/v2\/tags?post=38379"}],"curies":[{"name":"wp","href":"https:\/\/api.w.org\/{rel}","templated":true}]}}