{"id":37523,"date":"2008-10-15T12:52:49","date_gmt":"2008-10-15T10:52:49","guid":{"rendered":"http:\/\/www.ivg.it\/2008\/10\/15\/polo-scolastico-di-albenga-si-accorciano-i-tempi\/"},"modified":"2008-10-16T07:54:55","modified_gmt":"2008-10-16T05:54:55","slug":"polo-scolastico-di-albenga-si-accorciano-i-tempi","status":"publish","type":"post","link":"https:\/\/staging.ivg.it\/2008\/10\/polo-scolastico-di-albenga-si-accorciano-i-tempi\/","title":{"rendered":"Polo scolastico di Albenga: si accorciano i tempi"},"content":{"rendered":"<p><strong>[thumb:4885:l]Albenga<\/strong>. Domani ci sar\u00e0 la stretta finale sul Polo scolastico ingauno. Il sindaco di Albenga, Antonello Tabb\u00f2 si recher\u00e0 proprio nella mattinata di domani, gioved\u00ec 16 ottobre, a Genova, presso l&#8217;agenzia del Demanio, per ricevere la comunicazione dei primi risultati della terza fase di valutazione dello studio di fattibilit\u00e0 PUV-Liguria, che riguarda il protocollo di intesa relativo alla promozione del processo di valorizzazione integrata dei beni di propriet\u00e0 dello Stato presenti nel territorio nazionale.<\/p>\n<p>Si avvicina, infatti, il termine per i piani di valorizzazione, redatti dalla Regione Liguria con l&#8217;ufficio del Demanio, che verranno depositati entro novembre. Cos\u00ec il sindaco di Albenga, Antonello Tabb\u00f2: &#8220;Albenga \u00e8 interessata dal protocollo di intesa su diversi fronti: penso all&#8217;area dell&#8217;ex caserma Piave, per la quale \u00e8 previsto un piano residenziale-turistico, alla stessa Turinetto, dove sorger\u00e0 il tanto agognato Polo scolastico, o, ancora, al terreno di Salea, che servir\u00e0 per il completamento della zona fieristica o a quello di San Giorgio, che verr\u00e0 destinato alla realizzazione di un&#8217;area artigianale. Tutti progetti importanti per la citt\u00e0 e per il suo sviluppo a breve e lungo termine&#8221;.<\/p>\n","protected":false},"excerpt":{"rendered":"<p>[thumb:4885:l]Albenga. Domani ci sar\u00e0 la stretta finale sul Polo scolastico ingauno. Il sindaco di Albenga, Antonello Tabb\u00f2 si recher\u00e0 proprio nella mattinata di domani, gioved\u00ec 16 ottobre, a Genova, presso l&#8217;agenzia del Demanio, per ricevere la comunicazione dei primi risultati della terza fase di valutazione dello studio di fattibilit\u00e0 PUV-Liguria, che riguarda il protocollo di [&hellip;]<\/p>\n","protected":false},"author":13744,"featured_media":0,"comment_status":"open","ping_status":"closed","sticky":false,"template":"","format":"standard","meta":{"footnotes":""},"categories":[],"tags":[558,2375,199],"class_list":["post-37523","post","type-post","status-publish","format-standard","hentry","tag-antonello-tabbo","tag-polo-scolastico","tag-scuola","post_cat_citta-albenga"],"amp_validity":null,"amp_enabled":true,"_links":{"self":[{"href":"https:\/\/staging.ivg.it\/ediapi\/wp\/v2\/posts\/37523","targetHints":{"allow":["GET"]}}],"collection":[{"href":"https:\/\/staging.ivg.it\/ediapi\/wp\/v2\/posts"}],"about":[{"href":"https:\/\/staging.ivg.it\/ediapi\/wp\/v2\/types\/post"}],"author":[{"embeddable":true,"href":"https:\/\/staging.ivg.it\/ediapi\/wp\/v2\/users\/13744"}],"replies":[{"embeddable":true,"href":"https:\/\/staging.ivg.it\/ediapi\/wp\/v2\/comments?post=37523"}],"version-history":[{"count":0,"href":"https:\/\/staging.ivg.it\/ediapi\/wp\/v2\/posts\/37523\/revisions"}],"wp:attachment":[{"href":"https:\/\/staging.ivg.it\/ediapi\/wp\/v2\/media?parent=37523"}],"wp:term":[{"taxonomy":"category","embeddable":true,"href":"https:\/\/staging.ivg.it\/ediapi\/wp\/v2\/categories?post=37523"},{"taxonomy":"post_tag","embeddable":true,"href":"https:\/\/staging.ivg.it\/ediapi\/wp\/v2\/tags?post=37523"}],"curies":[{"name":"wp","href":"https:\/\/api.w.org\/{rel}","templated":true}]}}