{"id":37421,"date":"2008-10-14T14:33:47","date_gmt":"2008-10-14T12:33:47","guid":{"rendered":"http:\/\/www.ivg.it\/2008\/10\/14\/la-clemenza-di-tito-di-mozart-debutta-al-chiabrera\/"},"modified":"2008-10-15T08:20:52","modified_gmt":"2008-10-15T06:20:52","slug":"la-clemenza-di-tito-di-mozart-debutta-al-chiabrera","status":"publish","type":"post","link":"https:\/\/staging.ivg.it\/2008\/10\/la-clemenza-di-tito-di-mozart-debutta-al-chiabrera\/","title":{"rendered":"&#8220;La clemenza di Tito&#8221; di Mozart debutta al Chiabrera"},"content":{"rendered":"<p><strong>[thumb:632:l]Savona<\/strong>. Debutta a Savona &#8220;La clemenza di Tito&#8221;, di Wolfgang Amadeus Mozart. L&#8217;opera del genio salisburghese, l&#8217;ultima del suo catalogo, andr\u00e0 in scena in un nuovo allestimento del Teatro dell&#8217;Opera Giocosa al Teatro Chiabrera domenica 9, alle ore 15,30, e marted\u00ec 11 novembre, alle 20,30; nonch\u00e9 in anteprima per le scuole venerd\u00ec 7 (10:30). L&#8217;opera, pur vantando un tale padre, \u00e8 piuttosto rara in Liguria, da cui manca da 28 anni. A Savona non era mai stata eseguita.<\/p>\n<p>La regia e le scene sono di Paolo Panizza, artista che si \u00e8 formato all&#8217;Arena di Verona, sua citt\u00e0 natale, e che \u00e8 stato assistente del grande Pier Luigi Pizzi. Come regista lirico ha gi\u00e0 firmato numerosi e importanti successi. Sar\u00e0 assistito da Isadora Bucciarelli; con i costumi di Artemio Cabassi. Dopo il successo del concerto estivo &#8220;Sogno di una notte di mezz&#8217;estate&#8221;, torna alla direzione, questa volta di un&#8217;opera, Maurizio Zanini, alla guida della Fondazione Orchestra Sinfonica di Sanremo; il coro \u00e8 il Lirico e Voci Bianche &#8220;P.Mascagni&#8221; di Savona, diretto da Franco Giacosa.<\/p>\n<p>Nel ruolo del titolo un tenore dalla grande carriera, Mario Zeffiri, che ha cantato in tutti i pi\u00f9 grandi teatri e che per l&#8217;occasione a Savona debutta il ruolo. Vitellia sar\u00e0 Sara Galli, gi\u00e0 applaudita lo scorso anno in Otello; Sesto sar\u00e0 Annarita Gemmabella; Servilia, Barbara Bargnesi; Annio, Raffella Ambrosino; infine Publio, Massimiliano Viapiano.<\/p>\n<p>L&#8217;Opera Giocosa ha scelto di mettere in scena, dopo la &#8220;trilogia&#8221; Le nozze di Figaro-Don Giovanni-Cos\u00ec fan tutte, l&#8217;ultima fatica operistica di Mozart, composta nel 1791, anno della sua morte. La commissione era per un&#8217;opera destinata ai festeggiamenti per l&#8217;incoronazione a re di Boemia dell&#8217;imperatore Leopoldo II. Originariamente doveva essere Salieri il compositore, ma nel luglio 1791 il lavoro fu affidato a Mozart. Per il titolo del dramma la scelta cadde su uno dei pi\u00f9 celebrati testi mestastasiani, scritto nel 1734 sempre per una festivit\u00e0 della corte di Vienna (all&#8217;epoca il sovrano cui si alludeva con il personaggio di Tito era l&#8217;imperatore Carlo VI, padre di Maria Teresa).<\/p>\n<p>Il testo originale di Metastasio fu affidato alle cure di Caterino Mazzol\u00e0, poeta di corte dell&#8217;Elettore di Sassonia. Questi oper\u00f2, senza dubbio d&#8217;intesa con il compositore, in modo che il dramma venisse &#8220;ridotto a vera opera&#8221;, come recita l&#8217;annotazione che Mozart appose sul catalogo delle sue opere in data 5 settembre 1791, alla vigilia della prima: il classicismo metastasiano era ormai superato, e gi\u00e0 Gluck, riformista del genere, aveva adattato lo stesso testo a opera nel 1752.<\/p>\n<p>La maggiore novit\u00e0 introdotta da Mozart risiede forse nei concertati e nei pezzi d&#8217;assieme, nella creazione di situazioni al confine tra opera seria e opera buffa che riescono a rendere i contrastanti sentimenti dei personaggi. Esempio di tutto ci\u00f2 \u00e8 il quintetto che conclude il primo atto. Ma tutta l&#8217;opera \u00e8 pervasa dal grande fascino musicale dell&#8217;ultimo Mozart. La Clemenza fu composta appena conclusa la maggior parte del &#8220;Flauto magico&#8221; e partecipa delle stesse atmosfere creative del genio. Nella Clemenza si nota in particolare un uso caratteristico degli strumenti (fra tutti il clarinetto) attraverso i quali Mozart riesce a rendere tanto evanescenti atmosfere quanto i drammi, tutti personali e diversi, dei protagonisti, portando lo spettatore dagli abissi agli idilli dell&#8217;anima.<\/p>\n","protected":false},"excerpt":{"rendered":"<p>[thumb:632:l]Savona. Debutta a Savona &#8220;La clemenza di Tito&#8221;, di Wolfgang Amadeus Mozart. L&#8217;opera del genio salisburghese, l&#8217;ultima del suo catalogo, andr\u00e0 in scena in un nuovo allestimento del Teatro dell&#8217;Opera Giocosa al Teatro Chiabrera domenica 9, alle ore 15,30, e marted\u00ec 11 novembre, alle 20,30; nonch\u00e9 in anteprima per le scuole venerd\u00ec 7 (10:30). L&#8217;opera, [&hellip;]<\/p>\n","protected":false},"author":13744,"featured_media":0,"comment_status":"open","ping_status":"closed","sticky":false,"template":"","format":"standard","meta":{"footnotes":""},"categories":[],"tags":[1061,1704,2575,826],"class_list":["post-37421","post","type-post","status-publish","format-standard","hentry","tag-chiabrera","tag-lirica","tag-mozart","tag-musica","post_cat_citta-savona"],"amp_validity":null,"amp_enabled":true,"_links":{"self":[{"href":"https:\/\/staging.ivg.it\/ediapi\/wp\/v2\/posts\/37421","targetHints":{"allow":["GET"]}}],"collection":[{"href":"https:\/\/staging.ivg.it\/ediapi\/wp\/v2\/posts"}],"about":[{"href":"https:\/\/staging.ivg.it\/ediapi\/wp\/v2\/types\/post"}],"author":[{"embeddable":true,"href":"https:\/\/staging.ivg.it\/ediapi\/wp\/v2\/users\/13744"}],"replies":[{"embeddable":true,"href":"https:\/\/staging.ivg.it\/ediapi\/wp\/v2\/comments?post=37421"}],"version-history":[{"count":0,"href":"https:\/\/staging.ivg.it\/ediapi\/wp\/v2\/posts\/37421\/revisions"}],"wp:attachment":[{"href":"https:\/\/staging.ivg.it\/ediapi\/wp\/v2\/media?parent=37421"}],"wp:term":[{"taxonomy":"category","embeddable":true,"href":"https:\/\/staging.ivg.it\/ediapi\/wp\/v2\/categories?post=37421"},{"taxonomy":"post_tag","embeddable":true,"href":"https:\/\/staging.ivg.it\/ediapi\/wp\/v2\/tags?post=37421"}],"curies":[{"name":"wp","href":"https:\/\/api.w.org\/{rel}","templated":true}]}}