{"id":37217,"date":"2008-10-13T09:45:15","date_gmt":"2008-10-13T07:45:15","guid":{"rendered":"http:\/\/www.ivg.it\/2008\/10\/13\/finale-associazione-albergatori-incontro-tra-operatori-economici-2\/"},"modified":"2008-10-13T09:45:15","modified_gmt":"2008-10-13T07:45:15","slug":"finale-associazione-albergatori-incontro-tra-operatori-economici-2","status":"publish","type":"post","link":"https:\/\/staging.ivg.it\/2008\/10\/finale-associazione-albergatori-incontro-tra-operatori-economici-2\/","title":{"rendered":"Finale, Associazione Albergatori: incontro tra operatori economici"},"content":{"rendered":"<p>[thumb:1801:l]<strong>Finale Ligure<\/strong>. Gli operatori delle categorie economiche finalesi si riuniranno oggi, luned\u00ec 13 ottobre, presso la Sala Gallesio del Comune di Finale Ligure per fare il punto sul turismo locale e sulle prospettive di crescita. Albergatori, commercianti, responsabili di attivit\u00e0 produttive e titolari di bagni marini si confronteranno per redigere un progetto integrato finalizzato al rilancio turistico di Finale, tenendo conto della crisi economica e della delocalizzazione dello stabilimento Piaggio. Il documento verr\u00e0 poi presentato agli organi istituzionali.<\/p>\n<p>&#8220;E&#8217; un momento difficile e c&#8217;\u00e8 la necessit\u00e0 di fare quadrato intorno ad un progetto di sviluppo per una citt\u00e0 pi\u00f9 accogliente &#8211; sostiene Paolo Tedeschi, presidente dell&#8217;Associazione Albergatori di Finale &#8211; Il cliente deve essere coccolato a 360 gradi. Alla politica chiediamo che ci aiuti in questo frangente complesso e ci consenta di svolgere un servizio con standard di qualit\u00e0 sempre maggiore. Al di l\u00e0 delle presenze, la reddittivit\u00e0 delle aziende presenti sul territorio \u00e8 critica. Bisogna correre ai ripari&#8221;.<\/p>\n","protected":false},"excerpt":{"rendered":"<p>[thumb:1801:l]Finale Ligure. Gli operatori delle categorie economiche finalesi si riuniranno oggi, luned\u00ec 13 ottobre, presso la Sala Gallesio del Comune di Finale Ligure per fare il punto sul turismo locale e sulle prospettive di crescita. Albergatori, commercianti, responsabili di attivit\u00e0 produttive e titolari di bagni marini si confronteranno per redigere un progetto integrato finalizzato al [&hellip;]<\/p>\n","protected":false},"author":5,"featured_media":0,"comment_status":"open","ping_status":"closed","sticky":false,"template":"","format":"standard","meta":{"footnotes":""},"categories":[35],"tags":[466,625,2414,2413,1942,107],"class_list":["post-37217","post","type-post","status-publish","format-standard","hentry","category-economia","tag-albergatori","tag-alberghi","tag-associazione-albergatori","tag-bagni-marini","tag-commercianti","tag-turismo","post_cat_citta-finale-ligure"],"amp_validity":null,"amp_enabled":true,"_links":{"self":[{"href":"https:\/\/staging.ivg.it\/ediapi\/wp\/v2\/posts\/37217","targetHints":{"allow":["GET"]}}],"collection":[{"href":"https:\/\/staging.ivg.it\/ediapi\/wp\/v2\/posts"}],"about":[{"href":"https:\/\/staging.ivg.it\/ediapi\/wp\/v2\/types\/post"}],"author":[{"embeddable":true,"href":"https:\/\/staging.ivg.it\/ediapi\/wp\/v2\/users\/5"}],"replies":[{"embeddable":true,"href":"https:\/\/staging.ivg.it\/ediapi\/wp\/v2\/comments?post=37217"}],"version-history":[{"count":0,"href":"https:\/\/staging.ivg.it\/ediapi\/wp\/v2\/posts\/37217\/revisions"}],"wp:attachment":[{"href":"https:\/\/staging.ivg.it\/ediapi\/wp\/v2\/media?parent=37217"}],"wp:term":[{"taxonomy":"category","embeddable":true,"href":"https:\/\/staging.ivg.it\/ediapi\/wp\/v2\/categories?post=37217"},{"taxonomy":"post_tag","embeddable":true,"href":"https:\/\/staging.ivg.it\/ediapi\/wp\/v2\/tags?post=37217"}],"curies":[{"name":"wp","href":"https:\/\/api.w.org\/{rel}","templated":true}]}}