{"id":37062,"date":"2008-10-11T09:10:01","date_gmt":"2008-10-11T07:10:01","guid":{"rendered":"http:\/\/www.ivg.it\/2008\/10\/11\/riforma-gelmini-insegnanti-alassini-scrivono-a-napolitano\/"},"modified":"2008-10-11T16:08:32","modified_gmt":"2008-10-11T14:08:32","slug":"riforma-gelmini-insegnanti-alassini-scrivono-a-napolitano","status":"publish","type":"post","link":"https:\/\/staging.ivg.it\/2008\/10\/riforma-gelmini-insegnanti-alassini-scrivono-a-napolitano\/","title":{"rendered":"Riforma Gelmini: insegnanti alassini scrivono a Napolitano"},"content":{"rendered":"<p><strong>[thumb:1788:l]Alassio<\/strong>. Un gruppo di insegnanti della scuola primaria di Alassio ha scritto una lettera al Presidente della Repubblica. Ventitre firme corredano la missiva, incentrata sulla riforma Gelmini, per esprimere la propria incertenza e chiedere, come ultimo appiglio, un intervento del capo dello Stato.<\/p>\n<p>&#8220;Caro presidente &#8211; si legge &#8211; se la seriet\u00e0 ci accompagna sempre nel nostro lavoro, a mancarci, ad inizio anno, ora, \u00e8 la serenit\u00e0. Quando ci invita a dare il nostro contributo al superamento di tutte le difficolt\u00e0 che in questa fase la scuola italiana \u00e8 chiamata a fronteggiare aprendosi al cambiamento, non possiamo non indignarci per ci\u00f2 che il governo ha adottato. Le chiediamo di intervenire affinch\u00e9 il parlamento riveda il Decreto Legge 137 ed apporti sostanziali modifiche. Gli otto articoli del decreto potranno forse gratificare i ministri, non noi. Per far fronte a questa urgenza c&#8217;\u00e8 bisogno della nostra quotidiana azione. Come sar\u00e0 possibile se il corpo docente verr\u00e0 dimezzato?&#8221;.<\/p>\n<p>&#8220;Nel nostro istituto &#8211; aggiungono gli insegnanti della direzione didattica alassina &#8211; il &#8216;maestro unico&#8217; c&#8217;\u00e8 gi\u00e0. Si chiama Marcello. Si tratta dell&#8217;unico docente uomo tra tante donne. Tante e diverse. Giovani e meno giovani, mamme e non mamme, esperte in disegno o nello yoga, in nutrizione o nella manipolazione della ceramica. Chi negli anni si \u00e8 appassionata di storia locale o di dialetto e chi invece si prodiga per far partecipare la propria classe al Festival della Scienza a Genova. Siamo una scuola plurale, complessa e multiforme. Siamo amareggiati dal fatto che, per giustificare il ritorno al maestro unico, si apportino motivazioni pseudo-pedagogiche quando \u00e8 evidente che alla base di questa proposta ci sono esclusivamente considerazioni di carattere finanziario&#8221;.<\/p>\n<p>&#8220;Caro Presidente &#8211; si legge ancora nella lettera &#8211; sopo aver letto il decreto ci siamo chiesti perch\u00e9 non siano stati menzionati reali strumenti per migliorare l&#8217;integrazione degli alunni stranieri e disabili, per promuovere l&#8217;autonomia delle singole scuole, per specializzare quei soli maestri che si possano definire unici, che dovrebbero operare uno a uno con l&#8217;alunno, all&#8217;interno del team docente, e cio\u00e8 quelli di sostegno. Queste sono le domande urgenti della scuola&#8221;.<\/p>\n<p>Il gruppo dei docenti alassini ha sottoscritto il documento congiunto per la revoca del Decreto Gelmini pubblicato dalle associazioni professionali del mondo della scuola del 24 settembre e quello firmato dai presidi di Scienze della Formazione il 15 settembre.<\/p>\n","protected":false},"excerpt":{"rendered":"<p>[thumb:1788:l]Alassio. Un gruppo di insegnanti della scuola primaria di Alassio ha scritto una lettera al Presidente della Repubblica. Ventitre firme corredano la missiva, incentrata sulla riforma Gelmini, per esprimere la propria incertenza e chiedere, come ultimo appiglio, un intervento del capo dello Stato. &#8220;Caro presidente &#8211; si legge &#8211; se la seriet\u00e0 ci accompagna sempre [&hellip;]<\/p>\n","protected":false},"author":5,"featured_media":0,"comment_status":"open","ping_status":"closed","sticky":false,"template":"","format":"standard","meta":{"footnotes":""},"categories":[31],"tags":[736,782,2455,199],"class_list":["post-37062","post","type-post","status-publish","format-standard","hentry","category-politica","tag-gelmini","tag-insegnanti","tag-napolitano","tag-scuola","post_cat_citta-alassio"],"amp_validity":null,"amp_enabled":true,"_links":{"self":[{"href":"https:\/\/staging.ivg.it\/ediapi\/wp\/v2\/posts\/37062","targetHints":{"allow":["GET"]}}],"collection":[{"href":"https:\/\/staging.ivg.it\/ediapi\/wp\/v2\/posts"}],"about":[{"href":"https:\/\/staging.ivg.it\/ediapi\/wp\/v2\/types\/post"}],"author":[{"embeddable":true,"href":"https:\/\/staging.ivg.it\/ediapi\/wp\/v2\/users\/5"}],"replies":[{"embeddable":true,"href":"https:\/\/staging.ivg.it\/ediapi\/wp\/v2\/comments?post=37062"}],"version-history":[{"count":0,"href":"https:\/\/staging.ivg.it\/ediapi\/wp\/v2\/posts\/37062\/revisions"}],"wp:attachment":[{"href":"https:\/\/staging.ivg.it\/ediapi\/wp\/v2\/media?parent=37062"}],"wp:term":[{"taxonomy":"category","embeddable":true,"href":"https:\/\/staging.ivg.it\/ediapi\/wp\/v2\/categories?post=37062"},{"taxonomy":"post_tag","embeddable":true,"href":"https:\/\/staging.ivg.it\/ediapi\/wp\/v2\/tags?post=37062"}],"curies":[{"name":"wp","href":"https:\/\/api.w.org\/{rel}","templated":true}]}}