{"id":36625,"date":"2008-10-07T14:12:48","date_gmt":"2008-10-07T12:12:48","guid":{"rendered":"http:\/\/www.ivg.it\/?p=36625"},"modified":"2008-10-08T09:55:26","modified_gmt":"2008-10-08T07:55:26","slug":"sabato-visita-di-bertolaso-a-savona-e-albenga","status":"publish","type":"post","link":"https:\/\/staging.ivg.it\/2008\/10\/sabato-visita-di-bertolaso-a-savona-e-albenga\/","title":{"rendered":"Villanova, Bertolaso inaugura polo della Protezione civile"},"content":{"rendered":"<p>[thumb:2160:l]<strong>Albenga.<\/strong> Sar\u00e0 inaugurato sabato 11 ottobre, alle ore 11,30, il nuovo polo della Protezione civile regionale, creato presso l&#8217;aeroporto &#8220;Panero&#8221; di Villanova d&#8217;Albenga. La struttura ospiter\u00e0 la sede operativa della colonna mobile ligure.<\/p>\n<p>Alla cerimonia sar\u00e0 presente il sottosegretario Guido Bertolaso, oltre all&#8217;assessore regionale Giancarlo Cassini e a una numerosa rappresentanza del volontariato ligure della Protezione civile. Al termine della manifestazione verr\u00e0 offerto agli intervenuti il primo pranzo cucinato nella nuova struttura, preparato dai volontari.<\/p>\n<p>La visita di Bertolaso continuer\u00e0 poi nel pomeriggio a Savona, presso l&#8217;Universit\u00e0, dove visiter\u00e0 la Fondazione Cima, in occasione del suo primo anno di vita.<\/p>\n","protected":false},"excerpt":{"rendered":"<p>[thumb:2160:l]Albenga. Sar\u00e0 inaugurato sabato 11 ottobre, alle ore 11,30, il nuovo polo della Protezione civile regionale, creato presso l&#8217;aeroporto &#8220;Panero&#8221; di Villanova d&#8217;Albenga. La struttura ospiter\u00e0 la sede operativa della colonna mobile ligure. Alla cerimonia sar\u00e0 presente il sottosegretario Guido Bertolaso, oltre all&#8217;assessore regionale Giancarlo Cassini e a una numerosa rappresentanza del volontariato ligure della [&hellip;]<\/p>\n","protected":false},"author":1385,"featured_media":0,"comment_status":"open","ping_status":"closed","sticky":false,"template":"","format":"standard","meta":{"footnotes":""},"categories":[],"tags":[287,2215,677,223],"class_list":["post-36625","post","type-post","status-publish","format-standard","hentry","tag-giancarlo-cassini","tag-guido-bertolaso","tag-protezione-civile","tag-regione-liguria","post_cat_citta-albenga","post_cat_citta-savona"],"amp_validity":null,"amp_enabled":true,"_links":{"self":[{"href":"https:\/\/staging.ivg.it\/ediapi\/wp\/v2\/posts\/36625","targetHints":{"allow":["GET"]}}],"collection":[{"href":"https:\/\/staging.ivg.it\/ediapi\/wp\/v2\/posts"}],"about":[{"href":"https:\/\/staging.ivg.it\/ediapi\/wp\/v2\/types\/post"}],"author":[{"embeddable":true,"href":"https:\/\/staging.ivg.it\/ediapi\/wp\/v2\/users\/1385"}],"replies":[{"embeddable":true,"href":"https:\/\/staging.ivg.it\/ediapi\/wp\/v2\/comments?post=36625"}],"version-history":[{"count":0,"href":"https:\/\/staging.ivg.it\/ediapi\/wp\/v2\/posts\/36625\/revisions"}],"wp:attachment":[{"href":"https:\/\/staging.ivg.it\/ediapi\/wp\/v2\/media?parent=36625"}],"wp:term":[{"taxonomy":"category","embeddable":true,"href":"https:\/\/staging.ivg.it\/ediapi\/wp\/v2\/categories?post=36625"},{"taxonomy":"post_tag","embeddable":true,"href":"https:\/\/staging.ivg.it\/ediapi\/wp\/v2\/tags?post=36625"}],"curies":[{"name":"wp","href":"https:\/\/api.w.org\/{rel}","templated":true}]}}