{"id":34581,"date":"2008-09-17T08:00:11","date_gmt":"2008-09-17T06:00:11","guid":{"rendered":"http:\/\/www.ivg.it\/2008\/09\/17\/caccia-in-liguria-no-a-deroga-per-storno\/"},"modified":"2008-09-17T12:35:15","modified_gmt":"2008-09-17T10:35:15","slug":"caccia-in-liguria-no-a-deroga-per-storno","status":"publish","type":"post","link":"https:\/\/staging.ivg.it\/2008\/09\/caccia-in-liguria-no-a-deroga-per-storno\/","title":{"rendered":"Caccia in Liguria: no a deroga per storno"},"content":{"rendered":"<p><strong>[thumb:680:l]Regione<\/strong>. La Regione Liguria non potr\u00e0 legiferare sulla caccia allo storno in deroga divieto stabilito dall&#8217;Unione Europea. E&#8217; l&#8217;indicazione emersa da un incontro svoltosi a Roma tra l&#8217;assessore all&#8217;agricoltura Giancarlo Cassini e i funzionari dei ministeri delle regioni, dell&#8217;agricoltura, dell&#8217;ambiente e delle politiche comunitarie. I funzionari dei quattro ministeri sono stati concordi nell&#8217;affermare che la Regione non pu\u00f2 avviare un&#8217;iniziativa legislativa autonoma.<\/p>\n<p>L&#8217;unica strada percorribile, secondo quanto emerso dall&#8217;incontro, \u00e8 ottenere dall&#8217;Unione Europea che lo &#8220;storno vulgaris&#8221; venga inserito tra le specie cacciabili. L&#8217;impossibilit\u00e0 di procedere con leggi in deroga al divieto era stata stabilita dalla Corte Costituzionale con una sentenza emessa il 25 giugno scorso. Alcuni consiglieri regionali si erano appellati ad una legge sulla caccia allo stormo in piccole quantit\u00e0 in deroga al divieto stabilito dall&#8217;Unione Europea approvato dalla Regione Lombardia. Dall&#8217;incontro \u00e8 per\u00f2 emerso che al prossimo consigio dei ministri, la legge lombarda sar\u00e0 impugnata dal governo.<\/p>\n","protected":false},"excerpt":{"rendered":"<p>[thumb:680:l]Regione. La Regione Liguria non potr\u00e0 legiferare sulla caccia allo storno in deroga divieto stabilito dall&#8217;Unione Europea. E&#8217; l&#8217;indicazione emersa da un incontro svoltosi a Roma tra l&#8217;assessore all&#8217;agricoltura Giancarlo Cassini e i funzionari dei ministeri delle regioni, dell&#8217;agricoltura, dell&#8217;ambiente e delle politiche comunitarie. I funzionari dei quattro ministeri sono stati concordi nell&#8217;affermare che la [&hellip;]<\/p>\n","protected":false},"author":5,"featured_media":0,"comment_status":"open","ping_status":"closed","sticky":false,"template":"","format":"standard","meta":{"footnotes":""},"categories":[],"tags":[899,901,295,900],"class_list":["post-34581","post","type-post","status-publish","format-standard","hentry","tag-caccia","tag-cassini","tag-regione","tag-storno","post_cat_citta-andora"],"amp_validity":null,"amp_enabled":true,"_links":{"self":[{"href":"https:\/\/staging.ivg.it\/ediapi\/wp\/v2\/posts\/34581","targetHints":{"allow":["GET"]}}],"collection":[{"href":"https:\/\/staging.ivg.it\/ediapi\/wp\/v2\/posts"}],"about":[{"href":"https:\/\/staging.ivg.it\/ediapi\/wp\/v2\/types\/post"}],"author":[{"embeddable":true,"href":"https:\/\/staging.ivg.it\/ediapi\/wp\/v2\/users\/5"}],"replies":[{"embeddable":true,"href":"https:\/\/staging.ivg.it\/ediapi\/wp\/v2\/comments?post=34581"}],"version-history":[{"count":0,"href":"https:\/\/staging.ivg.it\/ediapi\/wp\/v2\/posts\/34581\/revisions"}],"wp:attachment":[{"href":"https:\/\/staging.ivg.it\/ediapi\/wp\/v2\/media?parent=34581"}],"wp:term":[{"taxonomy":"category","embeddable":true,"href":"https:\/\/staging.ivg.it\/ediapi\/wp\/v2\/categories?post=34581"},{"taxonomy":"post_tag","embeddable":true,"href":"https:\/\/staging.ivg.it\/ediapi\/wp\/v2\/tags?post=34581"}],"curies":[{"name":"wp","href":"https:\/\/api.w.org\/{rel}","templated":true}]}}