{"id":34548,"date":"2008-09-16T13:06:35","date_gmt":"2008-09-16T11:06:35","guid":{"rendered":"http:\/\/www.ivg.it\/2008\/09\/16\/arte-donate-alla-pinacoteca-di-savona-due-opere-di-elde\/"},"modified":"2008-09-16T13:06:35","modified_gmt":"2008-09-16T11:06:35","slug":"arte-donate-alla-pinacoteca-di-savona-due-opere-di-elde","status":"publish","type":"post","link":"https:\/\/staging.ivg.it\/2008\/09\/arte-donate-alla-pinacoteca-di-savona-due-opere-di-elde\/","title":{"rendered":"Arte, donate alla pinacoteca di Savona due opere di Elde"},"content":{"rendered":"<p><strong>Savona<\/strong>. Una nuova preziosa donazione arricchisce la collezione di opere d&#8217;arte della citt\u00e0 di Savona. Il Comune infatti ha ricevuto dagli eredi di Toni Meconi Elde due opere di Ansgar Elde, l&#8217;artista svedese famoso per le sue opere in ceramica, scomparso nel 2000 proprio a Savona.<\/p>\n<p>&#8220;Sono davvero felice di questa ulteriore donazione alla citt\u00e0&#8221; dichiara l&#8217;assessore alla Cultura Ferdinando Molteni, &#8220;e lo sono per due ragioni: perch\u00e9 la nostra pinacoteca viene vista sempre di pi\u00f9 come un luogo prestigioso a cui affidare capolavori d&#8217;arte, e perch\u00e9 conoscevo e ammiravo Ansgar Elde. Ho avuto la fortuna, molti anni fa, di intervistarlo e di poter cos\u00ec entrare, in una mattinata bizzarra e divertente, dentro il suo incredibile mondo poetico. Un mondo fatto di grande arte, modernissima e personale, ma anche di gioia di vivere e ironia. Amo Ansgar Elde, la sua potente pittura, le sue straordinarie ceramiche. Era un innovatore, un coraggioso artista capace di comunicare il proprio universo interiore con grande efficacia. Sono commosso di questo straordinario regalo, che rende onore alla sua memoria e a quella della sua compagna, di recente scomparsa.&#8221;<\/p>\n<p>Due le opere donate: assemblaggio legno ceramica (cm 42 x 80) e tecnica mista su tela (cm 72 x 105). La prima fu donata da Elde alla moglie come regalo di nozze e , come spiega la direttrice della Pinacoteca Civica di Savona Eliana Mattiauda, &#8220;da questo gesto nasce l&#8217;idea di condividere l&#8217;opera con tutta la citt\u00e0 e le persone che vorranno apprezzarla&#8221;.<\/p>\n<p>[image:9170:c:s=1]<\/p>\n<p>[image:9169:c:s=1]<\/p>\n<p>Ansgar Elde nacque a Reselee, nel nord della Svezia, il 27 novembre 1933 e mor\u00ec il 4 dicembre 2000 a Savona, nella sua casa di via De Amicis. Viene considerato ambasciatore dell&#8217;arte albisolese, e savonese, nel mondo, anche se, secondo la critica, deve essere considerato cittadino del mondo. Arriv\u00f2 ad Albisola nel 1959 su invito di Aligi Sassu, dove incontr\u00f2 Asger Jorn,  che lo ospit\u00f2 per un anno nella sua casa e che divent\u00f2 suo padre spirituale.<\/p>\n<p>Elde era un artista dalle mille passioni, tra cui la musica e la danza, che lavorava con diverse tecniche e materiali: carta, ferro, ceramica, legno, sassi, vetro e cartapesta e raccoglieva oggetti (ad es. barattoli e valigie) sui quali interveniva. La sua opera mostra grande talento, facilmente visibile nelle creazioni in ceramica (molto noti i pannelli situati nel sottopasso di Piazza del Popolo ad Albissola Marina nell&#8217;ambito del Lungomare degli Artisti).<\/p>\n<p>&#8220;Elge aveva la capacit\u00e0 di trasformare in arte ogni cosa&#8221; ha dichiarato Carlos Carl\u00e8. &#8220;Odiava la banalit\u00e0, quello che chiamiamo immagine, la superficialit\u00e0. I suoi occhi vedevano dentro e fuori di s\u00e9, come pochi.&#8221; Sua moglie Maria Antonietta Meconi, nota col soprannome di &#8220;Toni&#8221;, si \u00e8 spenta nel gennaio 2008 nella sua casa di Savona, lasciando cinque fratelli, che hanno voluto donare le due opere.<\/p>\n","protected":false},"excerpt":{"rendered":"<p>Savona. Una nuova preziosa donazione arricchisce la collezione di opere d&#8217;arte della citt\u00e0 di Savona. Il Comune infatti ha ricevuto dagli eredi di Toni Meconi Elde due opere di Ansgar Elde, l&#8217;artista svedese famoso per le sue opere in ceramica, scomparso nel 2000 proprio a Savona. &#8220;Sono davvero felice di questa ulteriore donazione alla citt\u00e0&#8221; [&hellip;]<\/p>\n","protected":false},"author":13744,"featured_media":0,"comment_status":"open","ping_status":"closed","sticky":false,"template":"","format":"standard","meta":{"footnotes":""},"categories":[],"tags":[857,85850],"class_list":["post-34548","post","type-post","status-publish","format-standard","hentry","tag-mostre-pittura","tag-savona","post_cat_citta-savona"],"amp_validity":null,"amp_enabled":true,"_links":{"self":[{"href":"https:\/\/staging.ivg.it\/ediapi\/wp\/v2\/posts\/34548","targetHints":{"allow":["GET"]}}],"collection":[{"href":"https:\/\/staging.ivg.it\/ediapi\/wp\/v2\/posts"}],"about":[{"href":"https:\/\/staging.ivg.it\/ediapi\/wp\/v2\/types\/post"}],"author":[{"embeddable":true,"href":"https:\/\/staging.ivg.it\/ediapi\/wp\/v2\/users\/13744"}],"replies":[{"embeddable":true,"href":"https:\/\/staging.ivg.it\/ediapi\/wp\/v2\/comments?post=34548"}],"version-history":[{"count":0,"href":"https:\/\/staging.ivg.it\/ediapi\/wp\/v2\/posts\/34548\/revisions"}],"wp:attachment":[{"href":"https:\/\/staging.ivg.it\/ediapi\/wp\/v2\/media?parent=34548"}],"wp:term":[{"taxonomy":"category","embeddable":true,"href":"https:\/\/staging.ivg.it\/ediapi\/wp\/v2\/categories?post=34548"},{"taxonomy":"post_tag","embeddable":true,"href":"https:\/\/staging.ivg.it\/ediapi\/wp\/v2\/tags?post=34548"}],"curies":[{"name":"wp","href":"https:\/\/api.w.org\/{rel}","templated":true}]}}