{"id":34387,"date":"2008-09-15T08:11:28","date_gmt":"2008-09-15T06:11:28","guid":{"rendered":"http:\/\/www.ivg.it\/2008\/09\/15\/albenga-auto-si-schianta-contro-un-albero\/"},"modified":"2008-09-16T08:08:24","modified_gmt":"2008-09-16T06:08:24","slug":"albenga-auto-si-schianta-contro-un-albero","status":"publish","type":"post","link":"https:\/\/staging.ivg.it\/2008\/09\/albenga-auto-si-schianta-contro-un-albero\/","title":{"rendered":"Albenga, auto si schianta contro un albero: tre feriti"},"content":{"rendered":"<p><strong>[thumb:9138:l]Albenga<\/strong>. Un&#8217;auto si \u00e8 schiantata contro un albero ieri intorno alle 23 ad Albenga. L&#8217;incidente \u00e8 avvenuto in via Piave, in localit\u00e0 Vadino, a dieci metri dalla caserma dei vigili del fuoco. L&#8217;Audi, su cui viaggiavano tre giovani, \u00e8 uscita fuori strada finendo contro un tiglio al bordo della carreggiata. L&#8217;urto \u00e8 stato fragoroso e devastante.<\/p>\n<p>Gli occupanti del mezzo sono stati raggiunti dai vicini pompieri, che li hanno estratti dall&#8217;abitacolo in cui erano rimasti imprigionati. Sono il guidatore M.O., di 20 anni, L.N., di 18, e M.L.P., di 20, tutti albenganesi. Due degli infortunati sono stati condotti all&#8217;ospedale di Albenga, il terzo \u00e8 ricoverato nel reparto di Rianimazione del Santa Corona. E&#8217; attualmente ancora in corso la ricostruzione del sinistro.<\/p>\n<p style=\"text-align: center;\">Foto di Willy:<br \/>\n[image:9137:c:s=1]<\/p>\n","protected":false},"excerpt":{"rendered":"<p>[thumb:9138:l]Albenga. Un&#8217;auto si \u00e8 schiantata contro un albero ieri intorno alle 23 ad Albenga. L&#8217;incidente \u00e8 avvenuto in via Piave, in localit\u00e0 Vadino, a dieci metri dalla caserma dei vigili del fuoco. L&#8217;Audi, su cui viaggiavano tre giovani, \u00e8 uscita fuori strada finendo contro un tiglio al bordo della carreggiata. L&#8217;urto \u00e8 stato fragoroso e [&hellip;]<\/p>\n","protected":false},"author":5,"featured_media":0,"comment_status":"open","ping_status":"closed","sticky":false,"template":"","format":"standard","meta":{"footnotes":""},"categories":[34],"tags":[85841,420,309,86015,688],"class_list":["post-34387","post","type-post","status-publish","format-standard","hentry","category-cronaca","tag-albenga","tag-auto","tag-incidente","tag-vadino","tag-via-piave","post_cat_citta-albenga"],"amp_validity":null,"amp_enabled":true,"_links":{"self":[{"href":"https:\/\/staging.ivg.it\/ediapi\/wp\/v2\/posts\/34387","targetHints":{"allow":["GET"]}}],"collection":[{"href":"https:\/\/staging.ivg.it\/ediapi\/wp\/v2\/posts"}],"about":[{"href":"https:\/\/staging.ivg.it\/ediapi\/wp\/v2\/types\/post"}],"author":[{"embeddable":true,"href":"https:\/\/staging.ivg.it\/ediapi\/wp\/v2\/users\/5"}],"replies":[{"embeddable":true,"href":"https:\/\/staging.ivg.it\/ediapi\/wp\/v2\/comments?post=34387"}],"version-history":[{"count":0,"href":"https:\/\/staging.ivg.it\/ediapi\/wp\/v2\/posts\/34387\/revisions"}],"wp:attachment":[{"href":"https:\/\/staging.ivg.it\/ediapi\/wp\/v2\/media?parent=34387"}],"wp:term":[{"taxonomy":"category","embeddable":true,"href":"https:\/\/staging.ivg.it\/ediapi\/wp\/v2\/categories?post=34387"},{"taxonomy":"post_tag","embeddable":true,"href":"https:\/\/staging.ivg.it\/ediapi\/wp\/v2\/tags?post=34387"}],"curies":[{"name":"wp","href":"https:\/\/api.w.org\/{rel}","templated":true}]}}