{"id":33992,"date":"2008-09-10T08:44:26","date_gmt":"2008-09-10T06:44:26","guid":{"rendered":"http:\/\/www.ivg.it\/2008\/09\/10\/savona-al-priamar-prima-edizione-del-ballo-delle-debuttanti\/"},"modified":"2008-09-10T14:02:38","modified_gmt":"2008-09-10T12:02:38","slug":"savona-al-priamar-prima-edizione-del-ballo-delle-debuttanti","status":"publish","type":"post","link":"https:\/\/staging.ivg.it\/2008\/09\/savona-al-priamar-prima-edizione-del-ballo-delle-debuttanti\/","title":{"rendered":"Savona, al Priamar prima edizione del Ballo delle Debuttanti"},"content":{"rendered":"<p><strong>[thumb:9079:l]Savona<\/strong>. Sabato 8 novembre nela Sala della Sibilla del complesso del Priamar le ragazze pi\u00f9 romantiche avranno la loro notte da sogno. E&#8217; infatti in programma la prima edizione del Ballo delle Debuttanti, un&#8217;iniziativa promossa dalla Fidapa (Federazione Italiana Donne Arti Professioni Affari) in collaborazione con la sezione femminile della Croce Rossa Italiana. Madrina della serata sar\u00e0 la conduttrice televisiva e attrice di origine savonese Enrica Bonaccorti.<\/p>\n<p>&#8220;Sono particolarmente lieta &#8211; dice la presidente della Fidapa Savona, Valeria Aizza Olmo &#8211; di poter avere Enrica Bonaccorti in qualit\u00e0 di madrina del ballo, perch\u00e9 \u00e8 una savonese doc che si \u00e8 fatta onore fuori dalle mura cittadine. E&#8217; una delle migliori protagoniste dello spettacolo italiano, attuale conduttrice del programma  radiofonico di Radio Rai &#8216;Tornando a casa&#8217; e ora anche scrittrice con la sua prima fatica letteraria &#8216;La pecora rossa&#8217;&#8221;.<\/p>\n<p>Il Ballo delle Debuttanti rappresenta una notte incantata che segna il debutto in societ\u00e0 delle giovani partecipanti, che avranno l&#8217;occasione di poter danzare sulle note dei pi\u00f9 famosi valzer viennesi con gli allievi di alcune prestigiose Accademie Militari italiane.<\/p>\n<p>&#8220;Vogliamo far emergere &#8211; sottolinea Valeria Aizza Olmo &#8211; l&#8217;immagine della Fidapa nell&#8217;ambito sociale e dimostrare come anche oggi si possa ben inserire la figura femminile in un contesto di storia e musica e coinvolgere i giovani in eventi nei quali essi devono non solo danzare ma anche dimostrare di sapersi gestire con garbo, disciplina e buone maniere, il che non \u00e8 poco per i tempi che corrono. Desidero infine ricordare che parte del ricavato della serata andr\u00e0 a beneficio delle attivit\u00e0 della Croce Rossa Italiana&#8221;.<\/p>\n","protected":false},"excerpt":{"rendered":"<p>[thumb:9079:l]Savona. Sabato 8 novembre nela Sala della Sibilla del complesso del Priamar le ragazze pi\u00f9 romantiche avranno la loro notte da sogno. E&#8217; infatti in programma la prima edizione del Ballo delle Debuttanti, un&#8217;iniziativa promossa dalla Fidapa (Federazione Italiana Donne Arti Professioni Affari) in collaborazione con la sezione femminile della Croce Rossa Italiana. Madrina della [&hellip;]<\/p>\n","protected":false},"author":5,"featured_media":0,"comment_status":"open","ping_status":"closed","sticky":false,"template":"","format":"standard","meta":{"footnotes":""},"categories":[35],"tags":[321,310,323],"class_list":["post-33992","post","type-post","status-publish","format-standard","hentry","category-economia","tag-ballo","tag-croce-rossa","tag-fidapa","post_cat_citta-savona"],"amp_validity":null,"amp_enabled":true,"_links":{"self":[{"href":"https:\/\/staging.ivg.it\/ediapi\/wp\/v2\/posts\/33992","targetHints":{"allow":["GET"]}}],"collection":[{"href":"https:\/\/staging.ivg.it\/ediapi\/wp\/v2\/posts"}],"about":[{"href":"https:\/\/staging.ivg.it\/ediapi\/wp\/v2\/types\/post"}],"author":[{"embeddable":true,"href":"https:\/\/staging.ivg.it\/ediapi\/wp\/v2\/users\/5"}],"replies":[{"embeddable":true,"href":"https:\/\/staging.ivg.it\/ediapi\/wp\/v2\/comments?post=33992"}],"version-history":[{"count":0,"href":"https:\/\/staging.ivg.it\/ediapi\/wp\/v2\/posts\/33992\/revisions"}],"wp:attachment":[{"href":"https:\/\/staging.ivg.it\/ediapi\/wp\/v2\/media?parent=33992"}],"wp:term":[{"taxonomy":"category","embeddable":true,"href":"https:\/\/staging.ivg.it\/ediapi\/wp\/v2\/categories?post=33992"},{"taxonomy":"post_tag","embeddable":true,"href":"https:\/\/staging.ivg.it\/ediapi\/wp\/v2\/tags?post=33992"}],"curies":[{"name":"wp","href":"https:\/\/api.w.org\/{rel}","templated":true}]}}