{"id":33850,"date":"2008-09-08T14:08:14","date_gmt":"2008-09-08T12:08:14","guid":{"rendered":"http:\/\/www.ivg.it\/2008\/09\/08\/bergeggi-sabato-linaugurazione-del-nuovo-polo-scolastico\/"},"modified":"2008-09-09T12:35:17","modified_gmt":"2008-09-09T10:35:17","slug":"bergeggi-sabato-linaugurazione-del-nuovo-polo-scolastico","status":"publish","type":"post","link":"https:\/\/staging.ivg.it\/2008\/09\/bergeggi-sabato-linaugurazione-del-nuovo-polo-scolastico\/","title":{"rendered":"Bergeggi, sabato l&#8217;inaugurazione del nuovo polo scolastico"},"content":{"rendered":"<p><strong>[thumb:7089:l]Bergeggi<\/strong>. Si svolger\u00e0 sabato 13 settembre alle ore 10 la cerimonia di inaugurazione del nuovo polo scolastico di Bergeggi, situato in via Bruxea 1. Il nuovo complesso comprende la scuola primaria &#8220;S. Pertini&#8221; e la scuola per l&#8217;infanzia &#8220;Don Lorenzo Roberto&#8221; ospitate in un unico edificio, costruito utilizzando materiali e tecnologie all&#8217;avaguardia, nel centro del paese, nei pressi della chiesa parrocchiale, della palestra comunale e del campo sportivo.<\/p>\n<p>Sono state costruite nel sito che ospitava il vecchio edificio scolastico, fatto prudenzialmente evacuare nel 2002 a causa di alcune lesioni strutturali. L&#8217;edificio ospita al piano terra la scuola primaria (5 spaziose e luminose aule, un&#8217;aula appositamente attrezzata con postazioni multimediali, la sala mensa e la cucina) mentre al primo piano trova ampio spazio la scuola per l&#8217;infanzia attualmente situata nella vicina via Don Vigo.<\/p>\n<p>Particolare attenzione \u00e8 stata rivolta alla creazione di spazi all&#8217;aperto attrezzati per ospitare i bambini durante la ricreazione e durante le attivit\u00e0 didattico-ludiche. La scuola primaria potr\u00e0 disporre dell&#8217;ampio giardino che circonda l&#8217;edificio scolastico mentre la scuola dell&#8217;infanzia potr\u00e0 disporre di una terrazza e di un ampio giardino sul retro, con accesso diretto dal primo piano dell&#8217;edificio.<\/p>\n<p>Il progetto \u00e8 stato co-finanziato con contributo ministeriale per 800.000 euro e ha richiesto all&#8217;amministrazione comunale l&#8217;investimento di fondi comunali per circa 450.000 euro. Fondi che l&#8217;amministrazione ha investito per garantire alla piccola comunit\u00e0 bergeggina la continuit\u00e0 di un servizio essenziale, alla base di un tessuto civile, economico e territoriale che rivendica un forte senso di appartenenza. Sabato 13 settembre a partire dalle ore 10 si svolger\u00e0 la cerimonia di inaugurazione alla presenza del sindaco e delle maggiori autorit\u00e0 civili e religiose.<\/p>\n","protected":false},"excerpt":{"rendered":"<p>[thumb:7089:l]Bergeggi. Si svolger\u00e0 sabato 13 settembre alle ore 10 la cerimonia di inaugurazione del nuovo polo scolastico di Bergeggi, situato in via Bruxea 1. Il nuovo complesso comprende la scuola primaria &#8220;S. Pertini&#8221; e la scuola per l&#8217;infanzia &#8220;Don Lorenzo Roberto&#8221; ospitate in un unico edificio, costruito utilizzando materiali e tecnologie all&#8217;avaguardia, nel centro del [&hellip;]<\/p>\n","protected":false},"author":5,"featured_media":0,"comment_status":"open","ping_status":"closed","sticky":false,"template":"","format":"standard","meta":{"footnotes":""},"categories":[],"tags":[85971,200,199],"class_list":["post-33850","post","type-post","status-publish","format-standard","hentry","tag-bergeggi","tag-inaugurazione","tag-scuola","post_cat_citta-andora","post_cat_citta-bergeggi"],"amp_validity":null,"amp_enabled":true,"_links":{"self":[{"href":"https:\/\/staging.ivg.it\/ediapi\/wp\/v2\/posts\/33850","targetHints":{"allow":["GET"]}}],"collection":[{"href":"https:\/\/staging.ivg.it\/ediapi\/wp\/v2\/posts"}],"about":[{"href":"https:\/\/staging.ivg.it\/ediapi\/wp\/v2\/types\/post"}],"author":[{"embeddable":true,"href":"https:\/\/staging.ivg.it\/ediapi\/wp\/v2\/users\/5"}],"replies":[{"embeddable":true,"href":"https:\/\/staging.ivg.it\/ediapi\/wp\/v2\/comments?post=33850"}],"version-history":[{"count":0,"href":"https:\/\/staging.ivg.it\/ediapi\/wp\/v2\/posts\/33850\/revisions"}],"wp:attachment":[{"href":"https:\/\/staging.ivg.it\/ediapi\/wp\/v2\/media?parent=33850"}],"wp:term":[{"taxonomy":"category","embeddable":true,"href":"https:\/\/staging.ivg.it\/ediapi\/wp\/v2\/categories?post=33850"},{"taxonomy":"post_tag","embeddable":true,"href":"https:\/\/staging.ivg.it\/ediapi\/wp\/v2\/tags?post=33850"}],"curies":[{"name":"wp","href":"https:\/\/api.w.org\/{rel}","templated":true}]}}