{"id":33656,"date":"2008-09-05T14:49:16","date_gmt":"2008-09-05T12:49:16","guid":{"rendered":"http:\/\/www.ivg.it\/2008\/09\/05\/in-provincia-di-savona-il-primo-master-per-manutentori-aeronautici\/"},"modified":"2008-09-06T12:28:41","modified_gmt":"2008-09-06T10:28:41","slug":"in-provincia-di-savona-il-primo-master-per-manutentori-aeronautici","status":"publish","type":"post","link":"https:\/\/staging.ivg.it\/2008\/09\/in-provincia-di-savona-il-primo-master-per-manutentori-aeronautici\/","title":{"rendered":"In Provincia di Savona il primo master per manutentori aeronautici"},"content":{"rendered":"<p><strong>[thumb:138:l]Albenga.<\/strong> Partir\u00e0 in provincia di Savona il primo master per la formazione di tecnici aeronautici del Nord Italia, una specialit\u00e0 professionale di cui \u00e8 in crescente aumento la domanda e che fino ad oggi (eccetto l&#8217;unico caso nazionale rappresentato dall&#8217;Universit\u00e0 di Brindisi) era possibile acquisire solo presso industrie private certificate.<\/p>\n<p>L&#8217;idea di aprire corsi post-diploma per formare specialisti tanto indispensabili quanto richiesti dal settore aeronautico viene dall&#8217;istituto tecnico industriale &#8220;Galilei&#8221; di Albenga, che ha subito trovato nella Provincia di Savona e nel Comune albenganese gli enti locali partners per la costituzione della fondazione chiamata a gestire l&#8217;Istituto tecnico superiore, gi\u00e0 inserito nei piani della Regione Liguria, dove verranno formati gli specialisti chiamati a certificare l&#8217;idoneit\u00e0 al volo degli aerei.<\/p>\n<p>Nei giorni scorsi il presidente della Provincia Marco Bertolotto, insieme agli assessori Teresa Ferrando, Carla Siri e il sindaco di Albenga Antonello Tabb\u00f2, ha incontrato i delegati dell&#8217;Itis Galilei. I dirigenti scolastici hanno illustrato il progetto per l&#8217;istituzione nel territorio ingauno dell&#8217;istituto tecnico superiore capace di formare tecnici la cui richiesta \u00e8 in continuo aumento, con un tasso di occupazione pare al cento per cento.<\/p>\n<p>Il corso avr\u00e0 durata biennale per un totale di 1.800 ore, molte delle quali dedicate ad attivit\u00e0 di formazione in aziende del settore. &#8220;A questo proposito &#8211; come spiega il presidente dell&#8217;ente provinciale &#8211; fondamentale sar\u00e0 la collaborazione con la Piaggio Aeroindustries&#8221;.<\/p>\n<p>Sempre secondo Bertolotto &#8220;questo progetto che abbiamo intenzione di tradurre quanto prima in pratica \u00e8 un&#8217;ulteriore risposta concreta ed attuale alle esigenze di occupazione dei nostri giovani coniugando le richieste del mercato del lavoro con le importanti realt\u00e0 imprenditoriali del nostro territorio&#8221;.<\/p>\n<p>Luned\u00ec 8 settembre, alle ore 15.00, nella Sala degli Stucchi in municipio ad Albenga, si terr\u00e0 una riunione tecnica cui saranno presenti tutti i soggetti pubblici e privati interessati: Regione Liguria, Provincia di Savona, Comune di Albenga, Piaggio Aeroindustries, Accademia Marina Mercantile, Aeroclub di Savona, Dipartimento di Ingegneria Meccanica del Polo Universitario di Savona, Ufficio Scolastico Regione Liguria e Ufficio Scolastico della Provincia di Savona.<\/p>\n","protected":false},"excerpt":{"rendered":"<p>[thumb:138:l]Albenga. Partir\u00e0 in provincia di Savona il primo master per la formazione di tecnici aeronautici del Nord Italia, una specialit\u00e0 professionale di cui \u00e8 in crescente aumento la domanda e che fino ad oggi (eccetto l&#8217;unico caso nazionale rappresentato dall&#8217;Universit\u00e0 di Brindisi) era possibile acquisire solo presso industrie private certificate. L&#8217;idea di aprire corsi post-diploma [&hellip;]<\/p>\n","protected":false},"author":4,"featured_media":0,"comment_status":"open","ping_status":"closed","sticky":false,"template":"","format":"standard","meta":{"footnotes":""},"categories":[35],"tags":[],"class_list":["post-33656","post","type-post","status-publish","format-standard","hentry","category-economia","post_cat_citta-albenga","post_cat_citta-andora","post_cat_citta-savona"],"amp_validity":null,"amp_enabled":true,"_links":{"self":[{"href":"https:\/\/staging.ivg.it\/ediapi\/wp\/v2\/posts\/33656","targetHints":{"allow":["GET"]}}],"collection":[{"href":"https:\/\/staging.ivg.it\/ediapi\/wp\/v2\/posts"}],"about":[{"href":"https:\/\/staging.ivg.it\/ediapi\/wp\/v2\/types\/post"}],"author":[{"embeddable":true,"href":"https:\/\/staging.ivg.it\/ediapi\/wp\/v2\/users\/4"}],"replies":[{"embeddable":true,"href":"https:\/\/staging.ivg.it\/ediapi\/wp\/v2\/comments?post=33656"}],"version-history":[{"count":0,"href":"https:\/\/staging.ivg.it\/ediapi\/wp\/v2\/posts\/33656\/revisions"}],"wp:attachment":[{"href":"https:\/\/staging.ivg.it\/ediapi\/wp\/v2\/media?parent=33656"}],"wp:term":[{"taxonomy":"category","embeddable":true,"href":"https:\/\/staging.ivg.it\/ediapi\/wp\/v2\/categories?post=33656"},{"taxonomy":"post_tag","embeddable":true,"href":"https:\/\/staging.ivg.it\/ediapi\/wp\/v2\/tags?post=33656"}],"curies":[{"name":"wp","href":"https:\/\/api.w.org\/{rel}","templated":true}]}}