{"id":33315,"date":"2008-09-02T17:35:34","date_gmt":"2008-09-02T15:35:34","guid":{"rendered":"http:\/\/www.ivg.it\/?p=33315"},"modified":"2008-09-03T10:11:52","modified_gmt":"2008-09-03T08:11:52","slug":"finale-abitazioni-senza-acqua-da-3-giorni","status":"publish","type":"post","link":"https:\/\/staging.ivg.it\/2008\/09\/finale-abitazioni-senza-acqua-da-3-giorni\/","title":{"rendered":"Finale, abitazioni senza acqua da 3 giorni"},"content":{"rendered":"<p><strong>[thumb:6295:l]Finale Ligure.<\/strong> Problemi di approvigionamento idrico in localit\u00e0 Ca&#8217; del Moro a Finale Ligure. Alcune abitazioni sono senza acqua da oltre tre giorni, e nonostante le numerose chiamate al servizio dell&#8217;acquedotto comunale la situazione non \u00e8 ancora stata risolta. Il problema \u00e8 noto ai tecnici, tuttavia ad oggi non \u00e8 ancora arrivata risposta.<\/p>\n<p>Le abitazioni della zona sono collegate ad una cisterna comunale e solo grazie a delle piccole &#8220;cisterne di riserva&#8221; sono riusciti a far fronte all&#8217;emergenza di questi giorni. Ma da questa mattina almeno una di queste \u00e8 rimasta a secco e i due occupanti sono dovuti andare a prendere l&#8217;acqua nella fontana pubblica di Gorra.<\/p>\n<p>&#8220;L&#8217;ultima autobotte comunale \u00e8 arrivata domenica mattina, da allora non abbiamo pi\u00f9 visto nessuno &#8211; scrive un lettore di IVG.it &#8211; questa mattina ho telefonato pi\u00f9 volte in Comune e solo verso le 14 mi \u00e8 stato detto che sono a conoscenza del problema, ma che non sanno n\u00e8 come n\u00e8 quando lo risolveranno. Attulamente \u00e8 stata temporaneamente riempita la mia cisterna di riserva dall&#8217;autobotte comunale, ma domani mattina sar\u00f2 nuovamente in emergenza&#8221;.<\/p>\n","protected":false},"excerpt":{"rendered":"<p>[thumb:6295:l]Finale Ligure. Problemi di approvigionamento idrico in localit\u00e0 Ca&#8217; del Moro a Finale Ligure. Alcune abitazioni sono senza acqua da oltre tre giorni, e nonostante le numerose chiamate al servizio dell&#8217;acquedotto comunale la situazione non \u00e8 ancora stata risolta. Il problema \u00e8 noto ai tecnici, tuttavia ad oggi non \u00e8 ancora arrivata risposta. Le abitazioni [&hellip;]<\/p>\n","protected":false},"author":4,"featured_media":0,"comment_status":"open","ping_status":"closed","sticky":false,"template":"","format":"standard","meta":{"footnotes":""},"categories":[],"tags":[],"class_list":["post-33315","post","type-post","status-publish","format-standard","hentry","post_cat_citta-finale-ligure"],"amp_validity":null,"amp_enabled":true,"_links":{"self":[{"href":"https:\/\/staging.ivg.it\/ediapi\/wp\/v2\/posts\/33315","targetHints":{"allow":["GET"]}}],"collection":[{"href":"https:\/\/staging.ivg.it\/ediapi\/wp\/v2\/posts"}],"about":[{"href":"https:\/\/staging.ivg.it\/ediapi\/wp\/v2\/types\/post"}],"author":[{"embeddable":true,"href":"https:\/\/staging.ivg.it\/ediapi\/wp\/v2\/users\/4"}],"replies":[{"embeddable":true,"href":"https:\/\/staging.ivg.it\/ediapi\/wp\/v2\/comments?post=33315"}],"version-history":[{"count":0,"href":"https:\/\/staging.ivg.it\/ediapi\/wp\/v2\/posts\/33315\/revisions"}],"wp:attachment":[{"href":"https:\/\/staging.ivg.it\/ediapi\/wp\/v2\/media?parent=33315"}],"wp:term":[{"taxonomy":"category","embeddable":true,"href":"https:\/\/staging.ivg.it\/ediapi\/wp\/v2\/categories?post=33315"},{"taxonomy":"post_tag","embeddable":true,"href":"https:\/\/staging.ivg.it\/ediapi\/wp\/v2\/tags?post=33315"}],"curies":[{"name":"wp","href":"https:\/\/api.w.org\/{rel}","templated":true}]}}