{"id":319937,"date":"2016-05-26T16:31:29","date_gmt":"2016-05-26T14:31:29","guid":{"rendered":"http:\/\/www.ivg.it\/?p=319937"},"modified":"2016-05-28T11:48:47","modified_gmt":"2016-05-28T09:48:47","slug":"albenga-le-associazioni-solidarieta-mostra-alla-festa-del-volontariato-salea","status":"publish","type":"post","link":"https:\/\/staging.ivg.it\/2016\/05\/albenga-le-associazioni-solidarieta-mostra-alla-festa-del-volontariato-salea\/","title":{"rendered":"Albenga, le associazioni di solidariet\u00e0 in mostra alla &#8220;Festa del Volontariato&#8221; di Salea"},"content":{"rendered":"<p><strong>Albenga<\/strong>. Dal 10 al 12 giugno a Salea si terr\u00e0 la prima edizione della \u201cFesta del Volontariato\u201d, grande vetrina per le associazioni che con grande generosit\u00e0 e abnegazione, durante tutto l\u2019arco dell\u2019anno si occupano di pi\u00f9 deboli. Gli stand di ben 77 associazioni di volontariato locali e provinciali saranno presenti in quella che si preannuncia come una grande kermesse del mondo variegato del volontariato.<\/p>\n<p>\u201cSar\u00e0 l\u2019occasione per le numerose associazioni del comprensorio e provinciali di fare rete sul territorio \u2013 afferma Simona Vespo assessore alle politiche sociali di Albenga che ha creduto e organizzato insieme agli uffici questo grande evento \u2013 Questa \u00e8 la prima grande esperienza di cooperazione che consentir\u00e0 di ampliare la rete di solidariet\u00e0 non solo tramite la raccolta di fondi, ma anche per avvicinare e reclutare nuovi volontari e farsi conoscere. Ringrazio la cooperativa Macchiaverde per l&#8217;organizzazione e la disponibilit\u00e0 con cui si sono impegnati per questo evento cos\u00ec importante\u201d.<\/p>\n<p>&#8220;Siamo vicini al 50^ anniversario della &#8216;Sagra del Pigato&#8217; ed abbiamo deciso di aprirci al territorio per aiutare chi aiuta gli altri \u2013 ha detto il presidente di Macchiaverde Claudio Tropeano \u2013 Sin dal primo istante con l\u2019assessore Vespo \u00e8 scoppiato un feeling e una sintonia. Abbiamo organizzato questi tre giorni di &#8216;Festa del Volontariato &#8216;con un ricco calendario di eventi e attivit\u00e0 per cercare di dare il nostro contributo ad una manifestazione che rappresenti un grande momento di unione, per far conoscere meglio le associazioni di volontariato al territorio. Sono tantissimi i volontari che dedicano il loro tempo con sacrificio e interesse verso il prossimo e quindi vogliamo entrare ancor pi\u00f9 in profondit\u00e0 in questo meraviglioso mondo, per queste motivazioni \u00e8 nata questa festa\u201d.<\/p>\n<div class=\"single-img-content-container fullwidth-single shortcode standard\">\n    <div class=\"image_container\" style=\"text-align: center;\">\n        <picture class=\" lazyload\"><img loading=\"lazy\" class=\"lazy\" data-srcset=\"https:\/\/www.ivg.it\/photogallery_new\/images\/2016\/05\/a-salea-la-festa-del-volontariato-343278.jpg 1024w, https:\/\/www.ivg.it\/photogallery_new\/images\/2016\/05\/a-salea-la-festa-del-volontariato-343278.jpg 970w, https:\/\/www.ivg.it\/photogallery_new\/images\/2016\/05\/a-salea-la-festa-del-volontariato-343278.jpg 660w, https:\/\/www.ivg.it\/photogallery_new\/images\/2016\/05\/a-salea-la-festa-del-volontariato-343278.jpg 316w, https:\/\/www.ivg.it\/photogallery_new\/images\/2016\/05\/a-salea-la-festa-del-volontariato-343278.jpg 150w\"  data-src=\"https:\/\/www.ivg.it\/photogallery_new\/images\/2016\/05\/a-salea-la-festa-del-volontariato-343278.jpg\" alt=\"A Salea la &quot;Festa del Volontariato&quot;\" \/><\/picture>\r\n\n    <\/div>\n    <\/div>\n\n<p>Dino Ardoino, presidente della consulta del volontariato, si rivolge ai tanti presenti alla conferenza stampa di presentazione della Festa e il pubblico si commuove nell\u2019ascoltare le sue parole: \u201cSar\u00e0 una grande festa anche per chi vorr\u00e0 accogliere nuovi volontari tra le file della schiera del volontariato. La scelta di organizzare una festa, per noi che viviamo il dolore ogni giorno significa poter stare bene insieme e mostrare ai visitatori quello che ogni giorno noi facciamo. Abbiamo bisogno della nostra gente e speriamo che in questi tre giorni ci facciano sentire la loro vicinanza. Vediamoci tutti insieme a Salea&#8221;.<\/p>\n<p>Conclude il sindaco Giorgio Cangiano: &#8220;Desidero esprimere la mia grande soddisfazione per la realizzazione di questo evento. Ognuno ci ha messo qualcosa e deve essere orgoglioso di averlo fatto. In questo periodo di tante brutture verrebbe voglia di non fare pi\u00f9 nulla, non bisogna reagire chiedendosi, ma fare come chi ha scelto di fare volontariato: vivere in modo pieno la propria vita. I volontari riescono a fare cose che spesso non riescono a fare, ed \u00e8 fondamentale e meritevole l&#8217;attivit\u00e0 di volontariato che viene svolta. Pensiamo se non ci fossero queste realt\u00e0. Pensiamo come sarebbe se non ci fosse la croce bianca di Albenga, ad esempio, ma ci\u00f2 vale per tutte le associazioni che hanno si bisogno di aiuti economici, ma anche di persone e volontari che dedichino il loro tempo. Non dobbiamo mai darle per scontate.&#8221;<\/p>\n","protected":false},"excerpt":{"rendered":"<p>E&#8217; in programma dal 10 al 12 giugno e vedr\u00e0 la partecipazione di 77 associazioni del territorio<\/p>\n","protected":false},"author":12120,"featured_media":0,"comment_status":"open","ping_status":"closed","sticky":false,"template":"","format":"standard","meta":{"footnotes":""},"categories":[45296,56],"tags":[1972],"class_list":["post-319937","post","type-post","status-publish","format-standard","hentry","category-copertina","category-altre","tag-volontariato","post_cat_citta-albenga","post_tag_personaggi-claudio-tropeano","post_tag_personaggi-dino-ardoino","post_tag_personaggi-giorgio-cangiano-2","post_tag_personaggi-simona-vespo"],"amp_validity":null,"amp_enabled":true,"_links":{"self":[{"href":"https:\/\/staging.ivg.it\/ediapi\/wp\/v2\/posts\/319937","targetHints":{"allow":["GET"]}}],"collection":[{"href":"https:\/\/staging.ivg.it\/ediapi\/wp\/v2\/posts"}],"about":[{"href":"https:\/\/staging.ivg.it\/ediapi\/wp\/v2\/types\/post"}],"author":[{"embeddable":true,"href":"https:\/\/staging.ivg.it\/ediapi\/wp\/v2\/users\/12120"}],"replies":[{"embeddable":true,"href":"https:\/\/staging.ivg.it\/ediapi\/wp\/v2\/comments?post=319937"}],"version-history":[{"count":0,"href":"https:\/\/staging.ivg.it\/ediapi\/wp\/v2\/posts\/319937\/revisions"}],"wp:attachment":[{"href":"https:\/\/staging.ivg.it\/ediapi\/wp\/v2\/media?parent=319937"}],"wp:term":[{"taxonomy":"category","embeddable":true,"href":"https:\/\/staging.ivg.it\/ediapi\/wp\/v2\/categories?post=319937"},{"taxonomy":"post_tag","embeddable":true,"href":"https:\/\/staging.ivg.it\/ediapi\/wp\/v2\/tags?post=319937"}],"curies":[{"name":"wp","href":"https:\/\/api.w.org\/{rel}","templated":true}]}}