{"id":319862,"date":"2016-05-25T15:49:42","date_gmt":"2016-05-25T13:49:42","guid":{"rendered":"http:\/\/www.ivg.it\/?p=319862"},"modified":"2016-05-25T15:49:42","modified_gmt":"2016-05-25T13:49:42","slug":"il-governo-finanzia-il-recupero-di-edifici-culturali-di-padova-segnaliamo-le-bellezze-savonesi","status":"publish","type":"post","link":"https:\/\/staging.ivg.it\/2016\/05\/il-governo-finanzia-il-recupero-di-edifici-culturali-di-padova-segnaliamo-le-bellezze-savonesi\/","title":{"rendered":"Il Governo finanzia il recupero di edifici culturali, Di Padova: &#8220;Segnaliamo le bellezze savonesi&#8221;"},"content":{"rendered":"<p><strong>Savona.<\/strong> &#8220;Il Governo ha promosso una bella iniziativa per raccogliere indicazioni e suggerimenti con lo strumento della partecipazione circa l\u2019impiego di alcune delle risorse stanziate sulla cultura. E questa iniziativa potrebbe riguardare anche la nostra citt\u00e0&#8221;. Lo annuncia l&#8217;assessore ala Cultura della citt\u00e0 di Savona, Elisa Di Padova.<\/p>\n<p>Il CIPE (Comitato Interministeriale Programmazione Economica) ha infatti assegnato 1 miliardo di euro, a carico del Fondo per lo sviluppo e la coesione (FSC) 2014-2020, al Ministero dei beni e delle attivit\u00e0 culturali per il finanziamento del Piano \u201cTurismo e cultura\u201d finalizzato ad un\u2019azione di rafforzamento dell&#8217;offerta culturale del nostro Paese e di potenziamento della fruizione turistica, con interventi per la tutela e la valorizzazione del patrimonio culturale e per la messa in rete delle risorse culturali materiali e immateriali.<\/p>\n<p>Oltre a completamenti di interventi gi\u00e0 in corso (quali Pompei, Ercolano, la Cittadella di Alessandria, la Reggia di Caserta e gli Uffizi di Firenze) sono previsti nuovi interventi per cui il Governo mette a disposizione 150 milioni di euro. Fino al 31 maggio tutti i cittadini potranno segnalare all&#8217;indirizzo di posta elettronica bellezza@governo.it un luogo pubblico da recuperare, ristrutturare o reinventare per il bene della collettivit\u00e0 o un progetto culturale da finanziare. Una commissione ad hoc stabilir\u00e0 a quali progetti assegnare le risorse. Il relativo decreto di stanziamento sar\u00e0 emanato il 10 agosto 2016.<\/p>\n<p>&#8220;Ritengo questa potrebbe essere una importante occasione per la nostra citt\u00e0 per almeno due grandi progetti che sulla nostra citt\u00e0 insistono e che hanno gi\u00e0 progetti finanziabili &#8211; spiega Di Padova &#8211; Segnaler\u00f2 io stessa all\u2019indirizzo e-mail bellezza@governo.it i due progetti del Comune che sono pronti ad essere finanziati che riguardano Palazzo della Rovere e il Complesso del S.Giacomo. Pur non essendo di nostra propriet\u00e0 segnaliamo poi Villa Zanelli, capolavoro del Liberty oggi in capo ad Arte e in vendita con destinazione d&#8217;uso turistica, che merita quanto prima una nuova vita. Scrivete in tanti, noi saremo gi\u00e0 pronti a cogliere le occasioni che il Governo offre per il recupero della bellezza dei nostri territori&#8221;.<\/p>\n<p>L&#8217;iniziativa dell&#8217;assessore uscente, candidato alle prossime elezioni nella lista del Pd, ha raccolto il plauso della candidata sindaco Cristina Battaglia. &#8220;Savona ha i suoi angoli preziosi, lo sappiamo. Ma alcuni sono da rimettere in sesto, come Palazzo della Rovere e il Complesso del San Giacomo &#8211; commenta &#8211; Le risorse necessarie sono tantissime, ma potrebbero essere oggetto di un intervento da parte del Governo, se insieme riusciremo a farci sentire. Mi impegner\u00f2 dal primo giorno per valorizzare la straordinaria bellezza di questa citt\u00e0&#8221;.<\/p>\n","protected":false},"excerpt":{"rendered":"<p>L&#8217;assessore uscente: &#8220;Gi\u00e0 segnalati Palazzo della Rovere, il Complesso del S.Giacomo e Villa Zanelli&#8221;. Tutti possono partecipare, ecco come<\/p>\n","protected":false},"author":10593,"featured_media":0,"comment_status":"open","ping_status":"closed","sticky":false,"template":"","format":"standard","meta":{"footnotes":""},"categories":[45296,31],"tags":[72913],"class_list":["post-319862","post","type-post","status-publish","format-standard","hentry","category-copertina","category-politica","tag-savona-2016","post_cat_citta-savona","post_tag_personaggi-cristina-battaglia","post_tag_personaggi-elisa-di-padova-2"],"amp_validity":null,"amp_enabled":true,"_links":{"self":[{"href":"https:\/\/staging.ivg.it\/ediapi\/wp\/v2\/posts\/319862","targetHints":{"allow":["GET"]}}],"collection":[{"href":"https:\/\/staging.ivg.it\/ediapi\/wp\/v2\/posts"}],"about":[{"href":"https:\/\/staging.ivg.it\/ediapi\/wp\/v2\/types\/post"}],"author":[{"embeddable":true,"href":"https:\/\/staging.ivg.it\/ediapi\/wp\/v2\/users\/10593"}],"replies":[{"embeddable":true,"href":"https:\/\/staging.ivg.it\/ediapi\/wp\/v2\/comments?post=319862"}],"version-history":[{"count":0,"href":"https:\/\/staging.ivg.it\/ediapi\/wp\/v2\/posts\/319862\/revisions"}],"wp:attachment":[{"href":"https:\/\/staging.ivg.it\/ediapi\/wp\/v2\/media?parent=319862"}],"wp:term":[{"taxonomy":"category","embeddable":true,"href":"https:\/\/staging.ivg.it\/ediapi\/wp\/v2\/categories?post=319862"},{"taxonomy":"post_tag","embeddable":true,"href":"https:\/\/staging.ivg.it\/ediapi\/wp\/v2\/tags?post=319862"}],"curies":[{"name":"wp","href":"https:\/\/api.w.org\/{rel}","templated":true}]}}