{"id":319565,"date":"2016-05-21T09:55:59","date_gmt":"2016-05-21T07:55:59","guid":{"rendered":"http:\/\/www.ivg.it\/?p=319565"},"modified":"2016-05-21T09:55:59","modified_gmt":"2016-05-21T07:55:59","slug":"anche-provincia-savona-approda-referendum-day-del-pd","status":"publish","type":"post","link":"https:\/\/staging.ivg.it\/2016\/05\/anche-provincia-savona-approda-referendum-day-del-pd\/","title":{"rendered":"Anche in provincia di Savona approda il &#8220;Referendum Day&#8221; del Pd"},"content":{"rendered":"<p><strong>Savona<\/strong>. Anche in Liguria oggi appuntamento con il &#8220;Referendum day&#8221; del Partito Democratico che vedr\u00e0 circoli, volontari, militanti ed eletti del Pd attivati sul territorio per il s\u00ec al Referendum sulla Riforma Costituzionale del prossimo autunno. Parallelamente nei diversi banchetti allestiti nelle piazze e nelle vie della regione prender\u00e0 il via la campagna di raccolta firme per il Referendum di ottobre.<\/p>\n<p>&#8220;Basta un s\u00ec&#8221;. Questo dice il Partito Democratico ai cittadini e lo spiegher\u00e0 sabato al &#8220;Referendum Day&#8221;, ma anche nei prossimi mesi attraverso iniziative pubbliche e momenti di confronto sui temi della riforma anche nel corso delle Feste dell&#8217;Unit\u00e0 sul territorio.<\/p>\n<p>&#8220;Quello della riforma costituzionale \u00e8 un tema fondamentale per tutto il PD nel processo di cambiamento cruciale che il Paese sta attraversando in questi anni e l&#8217;appuntamento con il referendum deve vedere impegnato tutto il Partito Democratico, anche in Liguria &#8211; spiega il Commissario regionale David Ermini &#8211; . Nel corso di una riunione che si \u00e8 tenuta a Genova luned\u00ec scorso, presenti Alessio Cavarra che si occuper\u00e0 del Coordinamento regionale, Mario Tullo, i segretari provinciali e il Gruppo di lavoro regionale per il quale Massimiliano Morettini seguir\u00e0 il referendum, e che ha anticipato l&#8217;incontro a Roma con il segretario nazionale Matteo Renzi, sono state individuate priorit\u00e0 e obiettivi di questa campagna. Nelle prossime settimane organizzer\u00f2 un&#8217;altra riunione sul tema con tutti i parlamentari e i consiglieri regionali del PD e in seguito con tutti i consiglieri comunali e segretari di Circolo&#8221;.<\/p>\n<p>Questo l\u2019elenco dei banchetti in provincia di Savona: Cairo Montenotte &#8211; gazebo Piazza Stallani; Carcare &#8211; ore 10\/12,30 e 15\/19 &#8211; Piazza Sapeto; Borghetto &#8211; ore 16\/17 &#8211; Circolo PD, Piazza Giardini 13; Quiliano &#8211; ore 10,30\/12,30 &#8211; Piazza Caduti Partigiani; Savona &#8211; ore 10\/12 e 15\/19 Corso Italia (angolo V. Paleocapa); Onzo &#8211; ore 9\/12 &#8211; Palazzo comunale; Albisola Superiore &#8211; Mercoled\u00ec 25 &#8211; Mercato; Sabato 28 (mattino) Passeggiata Celle Ligure &#8211; Venerd\u00ec 27 e Domenica 29 &#8211; davanti Comune.<\/p>\n","protected":false},"excerpt":{"rendered":"<p>L&#8217;iniziativa promuove il s\u00ec al Referendum sulla Riforma Costituzionale<\/p>\n","protected":false},"author":2394,"featured_media":0,"comment_status":"open","ping_status":"closed","sticky":false,"template":"","format":"standard","meta":{"footnotes":""},"categories":[31],"tags":[596,197,84986],"class_list":["post-319565","post","type-post","status-publish","format-standard","hentry","category-politica","tag-partito-democratico","tag-pd","tag-referendum-day","post_cat_citta-andora","post_cat_citta-savona"],"amp_validity":null,"amp_enabled":true,"_links":{"self":[{"href":"https:\/\/staging.ivg.it\/ediapi\/wp\/v2\/posts\/319565","targetHints":{"allow":["GET"]}}],"collection":[{"href":"https:\/\/staging.ivg.it\/ediapi\/wp\/v2\/posts"}],"about":[{"href":"https:\/\/staging.ivg.it\/ediapi\/wp\/v2\/types\/post"}],"author":[{"embeddable":true,"href":"https:\/\/staging.ivg.it\/ediapi\/wp\/v2\/users\/2394"}],"replies":[{"embeddable":true,"href":"https:\/\/staging.ivg.it\/ediapi\/wp\/v2\/comments?post=319565"}],"version-history":[{"count":0,"href":"https:\/\/staging.ivg.it\/ediapi\/wp\/v2\/posts\/319565\/revisions"}],"wp:attachment":[{"href":"https:\/\/staging.ivg.it\/ediapi\/wp\/v2\/media?parent=319565"}],"wp:term":[{"taxonomy":"category","embeddable":true,"href":"https:\/\/staging.ivg.it\/ediapi\/wp\/v2\/categories?post=319565"},{"taxonomy":"post_tag","embeddable":true,"href":"https:\/\/staging.ivg.it\/ediapi\/wp\/v2\/tags?post=319565"}],"curies":[{"name":"wp","href":"https:\/\/api.w.org\/{rel}","templated":true}]}}