{"id":319019,"date":"2016-05-13T18:17:01","date_gmt":"2016-05-13T16:17:01","guid":{"rendered":"http:\/\/www.ivg.it\/?p=319019"},"modified":"2016-05-13T18:20:45","modified_gmt":"2016-05-13T16:20:45","slug":"memorial-nicola-gambetta-logo-vincitore","status":"publish","type":"post","link":"https:\/\/staging.ivg.it\/2016\/05\/memorial-nicola-gambetta-logo-vincitore\/","title":{"rendered":"&#8220;Memorial Nicola Gambetta&#8221;: ecco il logo vincitore"},"content":{"rendered":"<p><strong>Savona<\/strong>. Oggi, gioved\u00ec 12 maggio, alla presenza dei dirigenti della <strong>Polisportiva San Francesco,<\/strong> si \u00e8 svolta presso la Sala mostre della Provincia di Savona la <strong>premiazione dell&#8217;11\u00b0 concorso studentesco<\/strong> bandito dalla Polisportiva San Francesco <strong>per la realizzazione del logo che comparir\u00e0 sulle 1.000 magliette che verranno date agli iscritti della 28\u00aa Camminata Panoramica, 25\u00b0 &#8220;Memorial Nicola Gambetta&#8221; che si svolger\u00e0 domenica 22 maggio.<\/strong><\/p>\n<p>Al concorso<strong> hanno partecipato pi\u00f9 di 250 studenti<\/strong> di scuole e istituti della provincia e i vincitori delle varie categorie sono stati premiati con una targa in ceramica con riprodotto il proprio disegno, mentre ad ognuno dei partecipanti \u00e8 stato consegnato un attestato.<\/p>\n<p>Per la categoria riservata alle Scuole Primarie ha vinto il primo premio il disegno di <strong>Giacomo Segatori<\/strong> della classe 3\u00aa A della scuola primaria &#8220;Astengo&#8221; di Savona.<\/p>\n<p>Per la categoria riservata agli Istituti di Primo Grado ha vinto un premio il disegno di <strong>Chiara Leugio<\/strong> delle classe 1\u00aa D dell&#8217;Istituto Comprensivo Savona III \u2013 Medie Guidobono ed ha vinto il primo premio il disegno di <strong>Thomas Patriarca<\/strong> della classe 3\u00aa F dell&#8217;Istituto comprensivo Savona II \u2013 Medie Carando.<\/p>\n<p>Per la categoria riservata agli Istituti di Secondo Grado ha vinto il primo premio il disegno di <strong>Gihane Roubiou<\/strong> dell&#8217;Istituto Secondario Da Vinci \u2013 Ipsia di Finale Ligure.<\/p>\n<p><strong>Thomas Patriarca della classe 3\u00aa F dell&#8217;Istituto Comprensivo Savona II \u2013 Medie Carando \u00e8 risultato anche il vincitrice del primo premio assoluto e quindi il logo da lui realizzato sar\u00e0 quello che risulter\u00e0 stampato sulle magliette<\/strong> che verranno date poi agli iscritti della 28\u00aa Camminata Panoramica, 25\u00b0 &#8220;Memorial Nicola Gambetta&#8221; che si svolger\u00e0 domenica 22 maggio.<\/p>\n<p>La manifestazione, organizzata con il patrocinio della Provincia e del Comune di Savona \u00e8 ormai diventata un appuntamento tradizionale per tutti i podisti liguri e anche per tutti i savonesi che vogliano trascorrere una giornata diversa facendo una passeggiata nel verde delle colline savonese e contemporaneamente<strong> aiutare l\u2019Ascoll<\/strong>, Associazione Savonese Contro Le Leucemie onlus, a cui andr\u00e0 il ricavato della manifestazione.<\/p>\n","protected":false},"excerpt":{"rendered":"<p>La Camminata Panoramica si svolger\u00e0 domenica 22 maggio<\/p>\n","protected":false},"author":18,"featured_media":0,"comment_status":"open","ping_status":"closed","sticky":false,"template":"","format":"standard","meta":{"footnotes":""},"categories":[45296,47716,32],"tags":[84737,70618],"class_list":["post-319019","post","type-post","status-publish","format-standard","hentry","category-copertina","category-atletica-sport","category-sport","tag-memorial-nicola-gambetta-camminata-panoramica","tag-polisportiva-san-francesco","post_cat_citta-savona","post_tag_personaggi-chiara-leugio","post_tag_personaggi-giacomo-segatori","post_tag_personaggi-gihane-roubiou","post_tag_personaggi-thomas-patriarca"],"amp_validity":null,"amp_enabled":true,"_links":{"self":[{"href":"https:\/\/staging.ivg.it\/ediapi\/wp\/v2\/posts\/319019","targetHints":{"allow":["GET"]}}],"collection":[{"href":"https:\/\/staging.ivg.it\/ediapi\/wp\/v2\/posts"}],"about":[{"href":"https:\/\/staging.ivg.it\/ediapi\/wp\/v2\/types\/post"}],"author":[{"embeddable":true,"href":"https:\/\/staging.ivg.it\/ediapi\/wp\/v2\/users\/18"}],"replies":[{"embeddable":true,"href":"https:\/\/staging.ivg.it\/ediapi\/wp\/v2\/comments?post=319019"}],"version-history":[{"count":0,"href":"https:\/\/staging.ivg.it\/ediapi\/wp\/v2\/posts\/319019\/revisions"}],"wp:attachment":[{"href":"https:\/\/staging.ivg.it\/ediapi\/wp\/v2\/media?parent=319019"}],"wp:term":[{"taxonomy":"category","embeddable":true,"href":"https:\/\/staging.ivg.it\/ediapi\/wp\/v2\/categories?post=319019"},{"taxonomy":"post_tag","embeddable":true,"href":"https:\/\/staging.ivg.it\/ediapi\/wp\/v2\/tags?post=319019"}],"curies":[{"name":"wp","href":"https:\/\/api.w.org\/{rel}","templated":true}]}}